{"id":1553,"date":"2019-10-09T11:36:05","date_gmt":"2019-10-09T11:36:05","guid":{"rendered":"https:\/\/balazsivan.hu\/vilagszinvonalu-magankorhazak-es-surgossegi-ellatas-magyarorszagon\/"},"modified":"2023-02-13T17:22:11","modified_gmt":"2023-02-13T17:22:11","slug":"vilagszinvonalu-magankorhazak-es-surgossegi-ellatas-magyarorszagon","status":"publish","type":"post","link":"http:\/\/balazsivan.hu\/en\/blog\/vilagszinvonalu-magankorhazak-es-surgossegi-ellatas-magyarorszagon\/","title":{"rendered":"Vil\u00e1gsz\u00ednvonal\u00fa mag\u00e1nk\u00f3rh\u00e1zak \u00e9s s\u00fcrg\u0151ss\u00e9gi ell\u00e1t\u00e1s Magyarorsz\u00e1gon"},"content":{"rendered":"<p><strong>Nemzeti \u00e9rdek\u00fcnk, hogy m\u0171k\u00f6dj\u00f6n az \u00e1llami eg\u00e9szs\u00e9g\u00fcgy, de be kell l\u00e1tnunk, bizonyos reformokra s\u00fcrget\u0151 sz\u00fcks\u00e9g lenne. A k\u00f6zfinansz\u00edrozott eg\u00e9szs\u00e9g\u00fcgy t\u00f6bb sebb\u0151l v\u00e9rzik, sz\u00e1mtalan hi\u00e1nyoss\u00e1got lehetne eml\u00edteni \u00e9s v\u00e1rva v\u00e1rt \u00faj\u00edt\u00e1sokat is feltudunk sorakoztatni, kezdve az \u00faj modern eg\u00e9szs\u00e9g\u00fcgyi int\u00e9zm\u00e9nyekt\u0151l az eg\u00e9szs\u00e9g\u00fcgyi dolgoz\u00f3k leterhelts\u00e9g\u00e9nek cs\u00f6kkent\u00e9s\u00e9ig. Mindezeknek k\u00f6sz\u00f6nhet\u0151en egyre nagyobb jelent\u0151s\u00e9ggel b\u00edrnak az emberek \u00e9let\u00e9ben a mag\u00e1n-eg\u00e9szs\u00e9g\u00fcgyi szolg\u00e1ltat\u00e1sok.<\/strong><\/p>\n<div  class='avia-button-wrap av-7e9t7-56ff29f7fb2b3989984a1b1c191844d7-wrap avia-button-center  avia-builder-el-0  avia-builder-el-no-sibling ' ><a href='#caldera_form_1'  class='avia-button av-7e9t7-56ff29f7fb2b3989984a1b1c191844d7 avia-icon_select-no avia-size-large avia-position-center avia-color-theme-color' ><span class='avia_iconbox_title' >VISSZAH\u00cdV\u00c1ST K\u00c9REK<\/span><\/a><\/div>\n<p>A legkritikusabb szerepl\u0151k a k\u00f3rh\u00e1zak ad\u00f3ss\u00e1gfelhalmoz\u00e1sukb\u00f3l \u00e9s m\u00e9ret\u00fckb\u0151l kifoly\u00f3lag, ennek ok\u00e1n a mag\u00e1nk\u00f3rh\u00e1zak m\u00e1r jelent\u0151s sz\u00e1m\u00fa beteg\u00e1llom\u00e1nnyal b\u00fcszk\u00e9lkedhetnek. Ez legf\u0151k\u00e9pp a j\u00e1r\u00f3beteg-szakell\u00e1t\u00e1s \u00e9s a seb\u00e9szet ter\u00fclet\u00e9n jelentkezik, azon bel\u00fcl is a napjainkban oly n\u00e9pszer\u0171 \u00e9s nagy kereslettel b\u00edr\u00f3 plasztikai seb\u00e9szet, valamint a mag\u00e1nklinik\u00e1kon t\u00f6rt\u00e9n\u0151 sz\u00fcl\u00e9sek sz\u00e1ma ugrik meg \u00e9vr\u0151l \u00e9vre jelent\u0151s sz\u00e1mban. A t\u00f6bb \u00f3r\u00e1s v\u00e1rakoz\u00e1sok \u00e9s a v\u00e9gel\u00e1thatatlan s\u00fcrg\u0151s eg\u00e9szs\u00e9g\u00fcgyi ell\u00e1t\u00e1sra szorul\u00f3k sz\u00e1m\u00e1b\u00f3l ad\u00f3d\u00f3an a s\u00fcrg\u0151ss\u00e9gi ell\u00e1t\u00e1s is olyan ter\u00fclet, ami szint\u00e9n \u00e9lre fog t\u00f6rni.<br \/>\nA magyarorsz\u00e1gi mag\u00e1nklinik\u00e1k teljes\u00edtm\u00e9nye min\u0151s\u00e9gbiztos\u00edt\u00e1si szempontb\u00f3l vil\u00e1gszinten az \u00e9len j\u00e1r, a beteg a lehet\u0151 legjobb, szakmai ir\u00e1nyelvek ment\u00e9n \u00f6ssze\u00e1ll\u00edtott szolg\u00e1ltat\u00e1st kapja b\u00e1rmelyikben is ker\u00fcl ell\u00e1t\u00e1sra. Kiv\u00e1l\u00f3 szakmai protokoll van benn\u00fck kialak\u00edtva, szakmailag kifog\u00e1stalan, neves orvosokkal m\u00e9g ink\u00e1bb kecsegtet\u0151ek az emberek sz\u00e1m\u00e1ra.<\/p>\n<p>A mag\u00e1neg\u00e9szs\u00e9g\u00fcgy ir\u00e1nti kereslet a t\u00e1rsadalom egyre sz\u00e9lesebb k\u00f6r\u00e9b\u0151l \u00e9rkezik, mert el\u0151l j\u00e1rnak hat\u00e9konys\u00e1g, gazdas\u00e1goss\u00e1g \u00e9s betegbar\u00e1t m\u0171k\u00f6d\u00e9s\u00fck szempontj\u00e1b\u00f3l. Min\u0151s\u00e9gi szolg\u00e1ltat\u00e1st ny\u00fajtanak, v\u00e1laszt\u00e1si lehet\u0151s\u00e9get adnak a p\u00e1ciensnek, hat\u00e9konys\u00e1gban pedig p\u00e9ld\u00e1t statu\u00e1lnak.<\/p>\n<p>Biztos\u00edt\u00e1sok ter\u00e9n is min\u0151s\u00e9gi szolg\u00e1ltat\u00e1st ny\u00fajt\u00f3 csomagok \u00e9rhet\u0151ek el ebben a szegmensben jelenleg a piacon. Mindegyik bemutat\u00e1sa terjedelmi okokb\u00f3l lehetetlen, de a k\u00edn\u00e1lat egy kis szelet\u00e9t az al\u00e1bbiakban szeretn\u00e9nk az olvas\u00f3 el\u00e9 t\u00e1rni, mint lehets\u00e9ges alternat\u00edv\u00e1t.<\/p>\n<p>A Biztos\u00edtsd az Eg\u00e9szs\u00e9ged Egyes\u00fclet h\u00edvta \u00e9letre az egyes tags\u00e1gi szinteknek megfelel\u0151en ig\u00e9nybe vehet\u0151 Dokit Okosan programokat, melyekkel az \u00e9jjel-nappal h\u00edvhat\u00f3 Orvosi Call Centert\u0151l a m\u0171t\u00e9ti beavatkoz\u00e1sokig vehet\u00fcnk ig\u00e9nybe szolg\u00e1ltat\u00e1sokat. K\u00edn\u00e1lata teh\u00e1t igen sz\u00e9les, d\u00edjai pedig m\u00e9g ett\u0151l is kedvez\u0151bbek. Tagjai teljes k\u00f6r\u0171 t\u00e1mogat\u00e1st kapnak az eg\u00e9szs\u00e9ges \u00e9letm\u00f3d kialak\u00edt\u00e1s\u00e1ban, az eg\u00e9szs\u00e9g-meg\u0151rz\u00e9s\u00e9hez sz\u00fcks\u00e9ges legfontosabb eszk\u00f6z\u00f6k felkutat\u00e1s\u00e1ban \u00e9s ig\u00e9nybev\u00e9tel\u00e9ben, tov\u00e1bb\u00e1 s\u00fcrg\u0151s orvosi ell\u00e1t\u00e1sok sz\u00fcks\u00e9gess\u00e9ge eset\u00e9n is seg\u00edts\u00e9get ny\u00fajtanak.<\/p>\n<p>Hasonl\u00f3an j\u00f3 eg\u00e9szs\u00e9gbiztos\u00edt\u00e1si term\u00e9keket k\u00edn\u00e1l nemzetk\u00f6zi lefedetts\u00e9ggel a MediHelp International is. A Generali Biztos\u00edt\u00f3val k\u00f6z\u00f6sen olyan term\u00e9keket alkottak meg, amelyek kiv\u00e1l\u00f3 eg\u00e9szs\u00e9g\u00fcgyi int\u00e9zm\u00e9nyekhez, klinik\u00e1khoz biztos\u00edtanak hozz\u00e1f\u00e9r\u00e9st. A biztos\u00edt\u00e1si csomagok legfontosabb elemei k\u00f6z\u00e9 tartoznak a teljess\u00e9g ig\u00e9nye n\u00e9lk\u00fcl a j\u00e1r\u00f3beteg szakell\u00e1t\u00e1s mellett a fekv\u0151beteg ell\u00e1t\u00e1s, a laborat\u00f3riumi vizsg\u00e1latok \u00e9s a fog\u00e1szati ell\u00e1t\u00e1s.<\/p>\n<p>M\u00e9lt\u00e1n eml\u00edt\u00e9sre m\u00e9lt\u00f3 az int\u00e9zm\u00e9nyek sor\u00e1ban az Emineo Mag\u00e1nk\u00f3rh\u00e1z, mely f\u0151 profilja a mozg\u00e1sszervi panaszok kezel\u00e9se, emellett pedig tov\u00e1bb b\u0151v\u00edtve a szolg\u00e1ltat\u00e1si k\u00f6rt baleseti \u00fcgyeletet is fenntartanak. A diagnosztik\u00e1t\u00f3l a gy\u00f3gy\u00edt\u00e1sig v\u00e9gig k\u00eds\u00e9rik a p\u00e1cienst, teljes k\u00f6r\u0171 ell\u00e1t\u00e1st ny\u00fajtva.<\/p>\n<p>Az int\u00e9zm\u00e9nyek k\u00f6z\u00f6tt kiemelend\u0151 m\u00e9g a Duna Medical Center, haz\u00e1nk egyik legjobban felszerelt k\u00f6zpontja. Szakmai szempontb\u00f3l nemzetk\u00f6zileg elismert orvosg\u00e1rd\u00e1val, szem\u00e9lyre szabott, magas sz\u00ednvonal\u00fa szolg\u00e1ltat\u00e1sokkal v\u00e1rj\u00e1k p\u00e1cienseiket. A modern k\u00e9palkot\u00f3 diagnosztik\u00e1t\u00f3l a minim\u00e1l invaz\u00edv seb\u00e9szetig sz\u00e9les spektrum\u00fa k\u00edn\u00e1latot ny\u00fajtanak mindenki sz\u00e1m\u00e1ra.<\/p>\n<p>Ne feledj\u00fck: egy er\u0151s eg\u00e9szs\u00e9g\u00fcgyi ell\u00e1t\u00f3rendszer, mely b\u00e1rki sz\u00e1m\u00e1ra b\u00e1rmikor ig\u00e9nybe vehet\u0151 az alapja egy versenyk\u00e9pes t\u00e1rsadalomnak.<\/p>\n<p>Tov\u00e1bbi piaci k\u00edn\u00e1latr\u00f3l a nap b\u00e1rmely szak\u00e1ban t\u00e1j\u00e9koztat\u00e1st ny\u00fajtunk v\u00e1llalatok \u00e9s mag\u00e1nszem\u00e9lyek r\u00e9sz\u00e9re egyar\u00e1nt.<\/p>\n<p>[caldera_form id=&#8221;CF5d7132c571d76&#8243;]<\/p>\n","protected":false},"excerpt":{"rendered":"<p>Nemzeti \u00e9rdek\u00fcnk, hogy m\u0171k\u00f6dj\u00f6n az \u00e1llami eg\u00e9szs\u00e9g\u00fcgy, de be kell l\u00e1tnunk, bizonyos reformokra s\u00fcrget\u0151 sz\u00fcks\u00e9g lenne. A k\u00f6zfinansz\u00edrozott eg\u00e9szs\u00e9g\u00fcgy t\u00f6bb sebb\u0151l v\u00e9rzik, sz\u00e1mtalan hi\u00e1nyoss\u00e1got lehetne eml\u00edteni \u00e9s v\u00e1rva v\u00e1rt \u00faj\u00edt\u00e1sokat is feltudunk sorakoztatni, kezdve az \u00faj modern eg\u00e9szs\u00e9g\u00fcgyi int\u00e9zm\u00e9nyekt\u0151l az eg\u00e9szs\u00e9g\u00fcgyi dolgoz\u00f3k leterhelts\u00e9g\u00e9nek cs\u00f6kkent\u00e9s\u00e9ig. Mindezeknek k\u00f6sz\u00f6nhet\u0151en egyre nagyobb jelent\u0151s\u00e9ggel b\u00edrnak az emberek \u00e9let\u00e9ben a mag\u00e1n-eg\u00e9szs\u00e9g\u00fcgyi [&hellip;]<\/p>\n","protected":false},"author":1,"featured_media":1429,"comment_status":"closed","ping_status":"closed","sticky":false,"template":"","format":"standard","meta":[],"categories":[36],"tags":[],"yoast_head":"<!-- This site is optimized with the Yoast SEO plugin v20.6 - https:\/\/yoast.com\/wordpress\/plugins\/seo\/ -->\n<title>Vil\u00e1gsz\u00ednvonal\u00fa mag\u00e1nk\u00f3rh\u00e1zak \u00e9s s\u00fcrg\u0151ss\u00e9gi ell\u00e1t\u00e1s Magyarorsz\u00e1gon - Bal\u00e1zs Iv\u00e1n - V\u00e1llalati eg\u00e9szs\u00e9gbiztos\u00edt\u00e1si szak\u00e9rt\u0151<\/title>\n<meta name=\"robots\" content=\"index, follow, max-snippet:-1, max-image-preview:large, max-video-preview:-1\" \/>\n<link rel=\"canonical\" href=\"http:\/\/balazsivan.hu\/en\/blog\/vilagszinvonalu-magankorhazak-es-surgossegi-ellatas-magyarorszagon\/\" \/>\n<meta property=\"og:locale\" content=\"en_US\" \/>\n<meta property=\"og:type\" content=\"article\" \/>\n<meta property=\"og:title\" content=\"Vil\u00e1gsz\u00ednvonal\u00fa mag\u00e1nk\u00f3rh\u00e1zak \u00e9s s\u00fcrg\u0151ss\u00e9gi ell\u00e1t\u00e1s Magyarorsz\u00e1gon - Bal\u00e1zs Iv\u00e1n - V\u00e1llalati eg\u00e9szs\u00e9gbiztos\u00edt\u00e1si szak\u00e9rt\u0151\" \/>\n<meta property=\"og:description\" content=\"Nemzeti \u00e9rdek\u00fcnk, hogy m\u0171k\u00f6dj\u00f6n az \u00e1llami eg\u00e9szs\u00e9g\u00fcgy, de be kell l\u00e1tnunk, bizonyos reformokra s\u00fcrget\u0151 sz\u00fcks\u00e9g lenne. A k\u00f6zfinansz\u00edrozott eg\u00e9szs\u00e9g\u00fcgy t\u00f6bb sebb\u0151l v\u00e9rzik, sz\u00e1mtalan hi\u00e1nyoss\u00e1got lehetne eml\u00edteni \u00e9s v\u00e1rva v\u00e1rt \u00faj\u00edt\u00e1sokat is feltudunk sorakoztatni, kezdve az \u00faj modern eg\u00e9szs\u00e9g\u00fcgyi int\u00e9zm\u00e9nyekt\u0151l az eg\u00e9szs\u00e9g\u00fcgyi dolgoz\u00f3k leterhelts\u00e9g\u00e9nek cs\u00f6kkent\u00e9s\u00e9ig. Mindezeknek k\u00f6sz\u00f6nhet\u0151en egyre nagyobb jelent\u0151s\u00e9ggel b\u00edrnak az emberek \u00e9let\u00e9ben a mag\u00e1n-eg\u00e9szs\u00e9g\u00fcgyi [&hellip;]\" \/>\n<meta property=\"og:url\" content=\"http:\/\/balazsivan.hu\/en\/blog\/vilagszinvonalu-magankorhazak-es-surgossegi-ellatas-magyarorszagon\/\" \/>\n<meta property=\"og:site_name\" content=\"Bal\u00e1zs Iv\u00e1n - V\u00e1llalati eg\u00e9szs\u00e9gbiztos\u00edt\u00e1si szak\u00e9rt\u0151\" \/>\n<meta property=\"article:publisher\" content=\"https:\/\/www.facebook.com\/balazsivan0\" \/>\n<meta property=\"article:published_time\" content=\"2019-10-09T11:36:05+00:00\" \/>\n<meta property=\"article:modified_time\" content=\"2023-02-13T17:22:11+00:00\" \/>\n<meta property=\"og:image\" content=\"https:\/\/balazsivan.hu\/wp-content\/uploads\/2019\/10\/surgossegi.jpg\" \/>\n\t<meta property=\"og:image:width\" content=\"780\" \/>\n\t<meta property=\"og:image:height\" content=\"520\" \/>\n\t<meta property=\"og:image:type\" content=\"image\/jpeg\" \/>\n<meta name=\"author\" content=\"MPeter\" \/>\n<meta name=\"twitter:card\" content=\"summary_large_image\" \/>\n<meta name=\"twitter:label1\" content=\"Written by\" \/>\n\t<meta name=\"twitter:data1\" content=\"MPeter\" \/>\n\t<meta name=\"twitter:label2\" content=\"Est. reading time\" \/>\n\t<meta name=\"twitter:data2\" content=\"5 minutes\" \/>\n<script type=\"application\/ld+json\" class=\"yoast-schema-graph\">{\"@context\":\"https:\/\/schema.org\",\"@graph\":[{\"@type\":\"WebPage\",\"@id\":\"http:\/\/balazsivan.hu\/en\/blog\/vilagszinvonalu-magankorhazak-es-surgossegi-ellatas-magyarorszagon\/\",\"url\":\"http:\/\/balazsivan.hu\/en\/blog\/vilagszinvonalu-magankorhazak-es-surgossegi-ellatas-magyarorszagon\/\",\"name\":\"Vil\u00e1gsz\u00ednvonal\u00fa mag\u00e1nk\u00f3rh\u00e1zak \u00e9s s\u00fcrg\u0151ss\u00e9gi ell\u00e1t\u00e1s Magyarorsz\u00e1gon - Bal\u00e1zs Iv\u00e1n - V\u00e1llalati eg\u00e9szs\u00e9gbiztos\u00edt\u00e1si szak\u00e9rt\u0151\",\"isPartOf\":{\"@id\":\"https:\/\/balazsivan.hu\/en\/#website\"},\"datePublished\":\"2019-10-09T11:36:05+00:00\",\"dateModified\":\"2023-02-13T17:22:11+00:00\",\"author\":{\"@id\":\"https:\/\/balazsivan.hu\/en\/#\/schema\/person\/754780c24141cbe8078f315054ae8051\"},\"breadcrumb\":{\"@id\":\"http:\/\/balazsivan.hu\/en\/blog\/vilagszinvonalu-magankorhazak-es-surgossegi-ellatas-magyarorszagon\/#breadcrumb\"},\"inLanguage\":\"en-US\",\"potentialAction\":[{\"@type\":\"ReadAction\",\"target\":[\"http:\/\/balazsivan.hu\/en\/blog\/vilagszinvonalu-magankorhazak-es-surgossegi-ellatas-magyarorszagon\/\"]}]},{\"@type\":\"BreadcrumbList\",\"@id\":\"http:\/\/balazsivan.hu\/en\/blog\/vilagszinvonalu-magankorhazak-es-surgossegi-ellatas-magyarorszagon\/#breadcrumb\",\"itemListElement\":[{\"@type\":\"ListItem\",\"position\":1,\"name\":\"Home\",\"item\":\"https:\/\/balazsivan.hu\/en\/\"},{\"@type\":\"ListItem\",\"position\":2,\"name\":\"Vil\u00e1gsz\u00ednvonal\u00fa mag\u00e1nk\u00f3rh\u00e1zak \u00e9s s\u00fcrg\u0151ss\u00e9gi ell\u00e1t\u00e1s Magyarorsz\u00e1gon\"}]},{\"@type\":\"WebSite\",\"@id\":\"https:\/\/balazsivan.hu\/en\/#website\",\"url\":\"https:\/\/balazsivan.hu\/en\/\",\"name\":\"Bal\u00e1zs Iv\u00e1n - V\u00e1llalati eg\u00e9szs\u00e9gbiztos\u00edt\u00e1si szak\u00e9rt\u0151\",\"description\":\"V\u00e1llalati eg\u00e9szs\u00e9gbiztos\u00edt\u00e1si szak\u00e9rt\u0151\",\"potentialAction\":[{\"@type\":\"SearchAction\",\"target\":{\"@type\":\"EntryPoint\",\"urlTemplate\":\"https:\/\/balazsivan.hu\/en\/?s={search_term_string}\"},\"query-input\":\"required name=search_term_string\"}],\"inLanguage\":\"en-US\"},{\"@type\":\"Person\",\"@id\":\"https:\/\/balazsivan.hu\/en\/#\/schema\/person\/754780c24141cbe8078f315054ae8051\",\"name\":\"MPeter\",\"image\":{\"@type\":\"ImageObject\",\"inLanguage\":\"en-US\",\"@id\":\"https:\/\/balazsivan.hu\/en\/#\/schema\/person\/image\/\",\"url\":\"https:\/\/secure.gravatar.com\/avatar\/b3d910f25c4f0dda6364ac9a8687b051?s=96&d=mm&r=g\",\"contentUrl\":\"https:\/\/secure.gravatar.com\/avatar\/b3d910f25c4f0dda6364ac9a8687b051?s=96&d=mm&r=g\",\"caption\":\"MPeter\"},\"url\":\"https:\/\/balazsivan.hu\/en\/author\/MPeter\/\"}]}<\/script>\n<!-- \/ Yoast SEO plugin. -->","yoast_head_json":{"title":"Vil\u00e1gsz\u00ednvonal\u00fa mag\u00e1nk\u00f3rh\u00e1zak \u00e9s s\u00fcrg\u0151ss\u00e9gi ell\u00e1t\u00e1s Magyarorsz\u00e1gon - Bal\u00e1zs Iv\u00e1n - V\u00e1llalati eg\u00e9szs\u00e9gbiztos\u00edt\u00e1si szak\u00e9rt\u0151","robots":{"index":"index","follow":"follow","max-snippet":"max-snippet:-1","max-image-preview":"max-image-preview:large","max-video-preview":"max-video-preview:-1"},"canonical":"http:\/\/balazsivan.hu\/en\/blog\/vilagszinvonalu-magankorhazak-es-surgossegi-ellatas-magyarorszagon\/","og_locale":"en_US","og_type":"article","og_title":"Vil\u00e1gsz\u00ednvonal\u00fa mag\u00e1nk\u00f3rh\u00e1zak \u00e9s s\u00fcrg\u0151ss\u00e9gi ell\u00e1t\u00e1s Magyarorsz\u00e1gon - Bal\u00e1zs Iv\u00e1n - V\u00e1llalati eg\u00e9szs\u00e9gbiztos\u00edt\u00e1si szak\u00e9rt\u0151","og_description":"Nemzeti \u00e9rdek\u00fcnk, hogy m\u0171k\u00f6dj\u00f6n az \u00e1llami eg\u00e9szs\u00e9g\u00fcgy, de be kell l\u00e1tnunk, bizonyos reformokra s\u00fcrget\u0151 sz\u00fcks\u00e9g lenne. A k\u00f6zfinansz\u00edrozott eg\u00e9szs\u00e9g\u00fcgy t\u00f6bb sebb\u0151l v\u00e9rzik, sz\u00e1mtalan hi\u00e1nyoss\u00e1got lehetne eml\u00edteni \u00e9s v\u00e1rva v\u00e1rt \u00faj\u00edt\u00e1sokat is feltudunk sorakoztatni, kezdve az \u00faj modern eg\u00e9szs\u00e9g\u00fcgyi int\u00e9zm\u00e9nyekt\u0151l az eg\u00e9szs\u00e9g\u00fcgyi dolgoz\u00f3k leterhelts\u00e9g\u00e9nek cs\u00f6kkent\u00e9s\u00e9ig. Mindezeknek k\u00f6sz\u00f6nhet\u0151en egyre nagyobb jelent\u0151s\u00e9ggel b\u00edrnak az emberek \u00e9let\u00e9ben a mag\u00e1n-eg\u00e9szs\u00e9g\u00fcgyi [&hellip;]","og_url":"http:\/\/balazsivan.hu\/en\/blog\/vilagszinvonalu-magankorhazak-es-surgossegi-ellatas-magyarorszagon\/","og_site_name":"Bal\u00e1zs Iv\u00e1n - V\u00e1llalati eg\u00e9szs\u00e9gbiztos\u00edt\u00e1si szak\u00e9rt\u0151","article_publisher":"https:\/\/www.facebook.com\/balazsivan0","article_published_time":"2019-10-09T11:36:05+00:00","article_modified_time":"2023-02-13T17:22:11+00:00","og_image":[{"width":780,"height":520,"url":"https:\/\/balazsivan.hu\/wp-content\/uploads\/2019\/10\/surgossegi.jpg","type":"image\/jpeg"}],"author":"MPeter","twitter_card":"summary_large_image","twitter_misc":{"Written by":"MPeter","Est. reading time":"5 minutes"},"schema":{"@context":"https:\/\/schema.org","@graph":[{"@type":"WebPage","@id":"http:\/\/balazsivan.hu\/en\/blog\/vilagszinvonalu-magankorhazak-es-surgossegi-ellatas-magyarorszagon\/","url":"http:\/\/balazsivan.hu\/en\/blog\/vilagszinvonalu-magankorhazak-es-surgossegi-ellatas-magyarorszagon\/","name":"Vil\u00e1gsz\u00ednvonal\u00fa mag\u00e1nk\u00f3rh\u00e1zak \u00e9s s\u00fcrg\u0151ss\u00e9gi ell\u00e1t\u00e1s Magyarorsz\u00e1gon - Bal\u00e1zs Iv\u00e1n - V\u00e1llalati eg\u00e9szs\u00e9gbiztos\u00edt\u00e1si szak\u00e9rt\u0151","isPartOf":{"@id":"https:\/\/balazsivan.hu\/en\/#website"},"datePublished":"2019-10-09T11:36:05+00:00","dateModified":"2023-02-13T17:22:11+00:00","author":{"@id":"https:\/\/balazsivan.hu\/en\/#\/schema\/person\/754780c24141cbe8078f315054ae8051"},"breadcrumb":{"@id":"http:\/\/balazsivan.hu\/en\/blog\/vilagszinvonalu-magankorhazak-es-surgossegi-ellatas-magyarorszagon\/#breadcrumb"},"inLanguage":"en-US","potentialAction":[{"@type":"ReadAction","target":["http:\/\/balazsivan.hu\/en\/blog\/vilagszinvonalu-magankorhazak-es-surgossegi-ellatas-magyarorszagon\/"]}]},{"@type":"BreadcrumbList","@id":"http:\/\/balazsivan.hu\/en\/blog\/vilagszinvonalu-magankorhazak-es-surgossegi-ellatas-magyarorszagon\/#breadcrumb","itemListElement":[{"@type":"ListItem","position":1,"name":"Home","item":"https:\/\/balazsivan.hu\/en\/"},{"@type":"ListItem","position":2,"name":"Vil\u00e1gsz\u00ednvonal\u00fa mag\u00e1nk\u00f3rh\u00e1zak \u00e9s s\u00fcrg\u0151ss\u00e9gi ell\u00e1t\u00e1s Magyarorsz\u00e1gon"}]},{"@type":"WebSite","@id":"https:\/\/balazsivan.hu\/en\/#website","url":"https:\/\/balazsivan.hu\/en\/","name":"Bal\u00e1zs Iv\u00e1n - V\u00e1llalati eg\u00e9szs\u00e9gbiztos\u00edt\u00e1si szak\u00e9rt\u0151","description":"V\u00e1llalati eg\u00e9szs\u00e9gbiztos\u00edt\u00e1si szak\u00e9rt\u0151","potentialAction":[{"@type":"SearchAction","target":{"@type":"EntryPoint","urlTemplate":"https:\/\/balazsivan.hu\/en\/?s={search_term_string}"},"query-input":"required name=search_term_string"}],"inLanguage":"en-US"},{"@type":"Person","@id":"https:\/\/balazsivan.hu\/en\/#\/schema\/person\/754780c24141cbe8078f315054ae8051","name":"MPeter","image":{"@type":"ImageObject","inLanguage":"en-US","@id":"https:\/\/balazsivan.hu\/en\/#\/schema\/person\/image\/","url":"https:\/\/secure.gravatar.com\/avatar\/b3d910f25c4f0dda6364ac9a8687b051?s=96&d=mm&r=g","contentUrl":"https:\/\/secure.gravatar.com\/avatar\/b3d910f25c4f0dda6364ac9a8687b051?s=96&d=mm&r=g","caption":"MPeter"},"url":"https:\/\/balazsivan.hu\/en\/author\/MPeter\/"}]}},"_links":{"self":[{"href":"https:\/\/balazsivan.hu\/en\/wp-json\/wp\/v2\/posts\/1553"}],"collection":[{"href":"https:\/\/balazsivan.hu\/en\/wp-json\/wp\/v2\/posts"}],"about":[{"href":"https:\/\/balazsivan.hu\/en\/wp-json\/wp\/v2\/types\/post"}],"author":[{"embeddable":true,"href":"https:\/\/balazsivan.hu\/en\/wp-json\/wp\/v2\/users\/1"}],"replies":[{"embeddable":true,"href":"https:\/\/balazsivan.hu\/en\/wp-json\/wp\/v2\/comments?post=1553"}],"version-history":[{"count":2,"href":"https:\/\/balazsivan.hu\/en\/wp-json\/wp\/v2\/posts\/1553\/revisions"}],"predecessor-version":[{"id":1555,"href":"https:\/\/balazsivan.hu\/en\/wp-json\/wp\/v2\/posts\/1553\/revisions\/1555"}],"wp:featuredmedia":[{"embeddable":true,"href":"https:\/\/balazsivan.hu\/en\/wp-json\/wp\/v2\/media\/1429"}],"wp:attachment":[{"href":"https:\/\/balazsivan.hu\/en\/wp-json\/wp\/v2\/media?parent=1553"}],"wp:term":[{"taxonomy":"category","embeddable":true,"href":"https:\/\/balazsivan.hu\/en\/wp-json\/wp\/v2\/categories?post=1553"},{"taxonomy":"post_tag","embeddable":true,"href":"https:\/\/balazsivan.hu\/en\/wp-json\/wp\/v2\/tags?post=1553"}],"curies":[{"name":"wp","href":"https:\/\/api.w.org\/{rel}","templated":true}]}}