{"id":1551,"date":"2020-05-28T10:14:31","date_gmt":"2020-05-28T10:14:31","guid":{"rendered":"https:\/\/balazsivan.hu\/a-nyitas-utan-megrohanjak-a-magyar-rendeloket-magankorhazakat\/"},"modified":"2023-02-13T17:20:51","modified_gmt":"2023-02-13T17:20:51","slug":"a-nyitas-utan-megrohanjak-a-magyar-rendeloket-magankorhazakat","status":"publish","type":"post","link":"http:\/\/balazsivan.hu\/en\/blog\/a-nyitas-utan-megrohanjak-a-magyar-rendeloket-magankorhazakat\/","title":{"rendered":"A nyit\u00e1s ut\u00e1n megrohanj\u00e1k a magyar rendel\u0151ket, mag\u00e1nk\u00f3rh\u00e1zakat"},"content":{"rendered":"<p><strong>Jelent\u0151s visszaes\u00e9st jelentett a 2020 m\u00e1rcius-\u00e1prilis h\u00f3nap a mag\u00e1n-eg\u00e9szs\u00e9g\u00fcgynek, m\u0171t\u00e9tek maradtak el, sokan nem mentek vagy nem mehettek vissza kontroll vizsg\u00e1latra, felhalmoz\u00f3dtak, feltorl\u00f3dtak az orvosi \u00fcgyek.<\/strong><\/p>\n<p><strong>Ez mag\u00e1val hozza az eg\u00e9szs\u00e9gbiztos\u00edt\u00e1si piac \u00e1talakul\u00e1s\u00e1t is. \u00dagy l\u00e1tom, hogy a dolgoz\u00f3i eg\u00e9szs\u00e9gbiztos\u00edt\u00e1s az a juttat\u00e1s, amit m\u00e9g a nehezebb helyzetben lev\u0151 c\u00e9gek is igyekeztek megtartani, hiszen a munkav\u00e1llal\u00f3kban a v\u00edrushelyzet, \u00e9s az azt k\u00f6vet\u0151 sorban \u00e1ll\u00e1s az ell\u00e1t\u00e1s\u00e9rt tudatos\u00edtja, mennyire fontos, hogy ne csak \u0151, hanem csal\u00e1dtagjai is hozz\u00e1juthassanak ell\u00e1t\u00e1shoz, \u00e9s az ezt lehet\u0151v\u00e9 t\u00e9v\u0151 biztos\u00edt\u00e1si term\u00e9khez.<\/strong><\/p>\n<p>&nbsp;<\/p>\n<h2>Le\u00e1ll\u00e1s az eg\u00e9szs\u00e9g\u00fcgyben<\/h2>\n<p>Az eg\u00e9szs\u00e9g\u00fcgyi ell\u00e1t\u00e1s jelent\u0151sen lelassult, sok helyen teljesen le\u00e1llt. Konkr\u00e9t sz\u00e1mokat nem lehet m\u00e9g tudni, de jelent\u0151s visszaes\u00e9s volt, hiszen hetekig, h\u00f3napokig elhalasztottak m\u0171t\u00e9teket, kontrollvizsg\u00e1latokat, \u00e9s sokan nem mertek elmenni orvoshoz, vagy a korl\u00e1toz\u00e1sok miatt nem mehettek.<\/p>\n<p>Az orvosi ell\u00e1t\u00e1sban jellemz\u0151en csak a nagyon s\u00fcrg\u0151s esetek, \u00e9s az \u00e9letment\u0151 beavatkoz\u00e1sok maradtak meg. Mind az \u00e1llami, mind a mag\u00e1neg\u00e9szs\u00e9g\u00fcgyben minim\u00e1lisra cs\u00f6kkentett\u00e9k az orvos-beteg tal\u00e1lkoz\u00f3kat. Ennek nagyon komoly sz\u00f6v\u0151dm\u00e9nyei is lehetnek majd a k\u00e9s\u0151bbiekben.<\/p>\n<h2>A le\u00e1ll\u00e1s ut\u00e1n indul a roham<\/h2>\n<p>Most egy\u00e9rtelm\u0171bbek a k\u00f6r\u00fclm\u00e9nyek: jelenleg <strong><u>sokan megrohanj\u00e1k az eg\u00e9szs\u00e9g\u00fcgyi int\u00e9zm\u00e9nyeket<\/u><\/strong> mind az \u00e1llami-, mind a mag\u00e1nk\u00f3rh\u00e1zakat, rendel\u0151int\u00e9zeteket. Azt is megkock\u00e1ztatom, hogy a mag\u00e1nrendszerben is nagyon nehezen lehet hamarosan ell\u00e1t\u00e1shoz jutni. \u0150sszel v\u00e1rhat\u00f3 a 100%-os kihaszn\u00e1lts\u00e1g mind az \u00e1llami, mind a mag\u00e1n rendszerben, \u00e9s olyan id\u0151pontokat fogunk kapni, amit\u0151l leesik majd az \u00e1llunk.<\/p>\n<h2>Trendek az eg\u00e9szs\u00e9g\u00fcgyben<\/h2>\n<p>Mindenki biztons\u00e1gban szeretn\u00e9 tudni mag\u00e1t \u00e9s a csal\u00e1dj\u00e1t, a legfontosabb, hogy orvossal tudjanak besz\u00e9lni. Ezt az \u00e1llami eg\u00e9szs\u00e9g\u00fcgyben tavasszal majdnem lehetetlen volt megval\u00f3s\u00edtani, de a mag\u00e1nell\u00e1t\u00e1sban is meglehet\u0151sen k\u00f6r\u00fclm\u00e9nyes volt. Megn\u0151tt teh\u00e1t a h\u00e1zi vizitek sz\u00e1ma, ugyanis az emberek nem akartak elmenni k\u00f3rh\u00e1zba \u2013 m\u00e9g mag\u00e1nk\u00f3rh\u00e1zba sem -, egy orvost viszont beengednek az otthonukba, ha musz\u00e1j. Most viszont, mivel nagyon sokan elhalasztott\u00e1k a vizsg\u00e1lataikat, ezeket azonnal be akarj\u00e1k p\u00f3tolni, f\u0151leg ott, ahol valamilyen eg\u00e9szs\u00e9g\u00fcgyi panasz mer\u00fcl fel. Mer\u00fclhettek fel olyan \u00faj panaszok is a karant\u00e9n alatt, amit rendk\u00edv\u00fcl gyorsan sz\u00fcks\u00e9ges orvossal egyeztetni. Tapasztalatom alapj\u00e1n a mag\u00e1n-eg\u00e9szs\u00e9gbiztos\u00edt\u00e1sok \u00e9s orvosi call centerek szerepe jelent\u0151sen fel\u00e9rt\u00e9kel\u0151dtek.<\/p>\n<h2>Sorban \u00e1ll\u00e1s, v\u00e1r\u00f3lista helyett: eg\u00e9szs\u00e9gbiztos\u00edt\u00e1s<\/h2>\n<p>V\u00e1llalati \u00e9s KKV \u00fcgyfeleimn\u00e9l \u00e9rdekes tapasztal\u00e1s, hogy az eg\u00e9szs\u00e9gbiztos\u00edt\u00e1s az egyetlen juttat\u00e1s, amit majdnem minden c\u00e9g megtartott. Nagyon rossz anyagi helyzetben kell, hogy legyen egy v\u00e1llalat, hogy ezt elvegye, hiszen jelen helyzetben a <strong><u>mag\u00e1n eg\u00e9szs\u00e9g\u00fcgyi ell\u00e1t\u00e1s az egyik leghasznosabb, szinte az egyetlen igaz\u00e1n \u00e9rt\u00e9kes juttat\u00e1s<\/u><\/strong>. Egy munk\u00e1ltat\u00f3nak elemi \u00e9rdeke, hogy a dolgoz\u00f3ja min\u00e9l gyorsabban, min\u0151s\u00e9gi orvosi ell\u00e1t\u00e1shoz jusson. Olyan is van, ahol b\u0151v\u00edtett\u00e9k azoknak a k\u00f6r\u00e9t, akik hozz\u00e1jutnak ilyen juttat\u00e1shoz.<\/p>\n<h2>Digitaliz\u00e1ci\u00f3 az eg\u00e9szs\u00e9g\u00fcgyben is<\/h2>\n<p>A v\u00edrushelyzetben nagyon fel\u00e9rt\u00e9kel\u0151dik az, ha valaki az eg\u00e9szs\u00e9g\u00fcgyi ell\u00e1t\u00e1s\u00e1t vide\u00f3doktoron (t\u00e1vkonzult\u00e1ci\u00f3n) kereszt\u00fcl tudja ny\u00fajtani, a legmodernebb eg\u00e9szs\u00e9gbiztos\u00edt\u00e1sok erre m\u00e1r k\u00edn\u00e1lnak megold\u00e1st. Vannak olyan szolg\u00e1ltat\u00e1sszervez\u0151 c\u00e9gek az eg\u00e9szs\u00e9gbiztos\u00edt\u00e1sok m\u00f6g\u00f6tt, akik az orvosi tan\u00e1csad\u00e1son bel\u00fcl, tesztel\u00e9si tan\u00e1csad\u00e1st is ny\u00fajtanak.<\/p>\n<h2>Rugalmas eg\u00e9szs\u00e9gbiztos\u00edt\u00e1si szolg\u00e1ltat\u00e1sok<\/h2>\n<p><strong><u>Sok eg\u00e9szs\u00e9gbiztos\u00edt\u00e1sban el\u00e9rhet\u0151 egy saj\u00e1t, z\u00e1rt eg\u00e9szs\u00e9g\u00fcgyi \u00fcgyf\u00e9lport\u00e1l:<\/u><\/strong> a m\u0171k\u00f6d\u00e9s\u00e9nek l\u00e9nyege, hogy ha valamilyen panasza van, akkor itt eld\u00f6nti, hogy az ell\u00e1t\u00e1s melyik form\u00e1j\u00e1t v\u00e1lasztja. P\u00e9ld\u00e1ul telefonos orvosi tan\u00e1csad\u00e1st k\u00edv\u00e1n ig\u00e9nybe venni, vagy rosszul \u00e9rzi mag\u00e1t, ez\u00e9rt azt k\u00e9ri, hogy menjen h\u00e1zhoz egy mag\u00e1n-\u00fcgyeleti ell\u00e1t\u00e1s. Lehets\u00e9ges a t\u00e1vkonzult\u00e1ci\u00f3 is egy szakorvossal. Ebben a rendszerben ak\u00e1r mag\u00e1n s\u00fcrg\u0151ss\u00e9gi ell\u00e1t\u00e1st is tudnak sz\u00e1m\u00e1ra szervezni, vagy ha el kell mennie valamilyen szakorvoshoz, <strong><u>megn\u00e9zi a t\u00e9rk\u00e9pet, kiv\u00e1laszt mag\u00e1nak mag\u00e1nszolg\u00e1ltat\u00f3t, orvost, \u00e9s ott id\u0151pontot is foglal online.<br \/>\n<\/u><\/strong><br \/>\nA legt\u00f6bb mag\u00e1nszolg\u00e1ltat\u00f3nak van m\u0171k\u00f6d\u0151 szolg\u00e1ltat\u00e1sa arra, hogy elker\u00fclje a szem\u00e9lyes orvos-beteg tal\u00e1lkoz\u00e1st. De a szolg\u00e1ltat\u00e1sszervez\u0151k t\u00f6bbs\u00e9ge is rendelkezik m\u00e1r ilyennel \u2013 \u0151k azok, akik \u00f6sszek\u00f6tik a biztos\u00edt\u00f3kat, az \u00fcgyfeleket \u00e9s az eg\u00e9szs\u00e9g\u00fcgyi ell\u00e1t\u00f3 int\u00e9zm\u00e9nyeket. Ak\u00e1r egy biztons\u00e1gos \u00e9s z\u00e1rt applik\u00e1ci\u00f3val is m\u0171k\u00f6dik a dolog: az \u00fcgyfelek telep\u00edtik ezt a telefonjukra, \u00e9s ut\u00e1na egy el\u0151re egyeztetett id\u0151pontban vide\u00f3besz\u00e9lgetnek az orvossal.<\/p>\n<h2>\u00d6sszefoglal\u00e1s<\/h2>\n<p>Orvos szakmai k\u00f6r\u00f6kben egy\u00f6ntet\u0171 a v\u00e9lem\u00e9ny, hogy mind a mag\u00e1n, mind az \u00e1llami eg\u00e9szs\u00e9g\u00fcgy exponenci\u00e1lisan n\u00f6vekedve lesz leterhelve heteken bel\u00fcl. \u0150szre alig lehet majd id\u0151ponthoz jutni m\u00e9g a mag\u00e1n rendszerben is.<\/p>\n<p>Megold\u00e1s a c\u00e9gek sz\u00e1m\u00e1ra, hogy fel\u00fclvizsg\u00e1lj\u00e1k a megl\u00e9v\u0151 eg\u00e9szs\u00e9gbiztos\u00edt\u00e1sukat, alkalmas-e arra, hogy kezelje ezt az \u00f3ri\u00e1si leterhelts\u00e9get t\u00e1vkonzult\u00e1ci\u00f3val, h\u00e1zi vizittel, sz\u00e9les szolg\u00e1ltat\u00f3i h\u00e1l\u00f3zattal, ahova az \u00fcgyf\u00e9l a call centert kihagyva ak\u00e1r saj\u00e1t maga is tud online id\u0151pontot foglalni.<\/p>\n<p>Amelyik c\u00e9gn\u00e9l nincs eg\u00e9szs\u00e9gbiztos\u00edt\u00e1s, ott a lehet\u0151s\u00e9gekhez k\u00e9pest azonnal meg kell vizsg\u00e1lni, hogy a jelenlegi juttat\u00e1si rendszer mennyire szolg\u00e1lja a munkav\u00e1llal\u00f3 \u00e9s a c\u00e9g \u00e9rdekeit \u00e9s meg kell n\u00e9zni, hogyan lehet az eg\u00e9szs\u00e9gbiztos\u00edt\u00e1st beilleszteni a leg\u00fajabb 35,99%-os ad\u00f3terh\u00e9vel.<\/p>\n<p>*** Friss\u00edt\u00e9s! ***<\/p>\n<h2>P\u00e9nzcentrum.hu: Kil\u0151ttek a k\u00f3rh\u00e1zi v\u00e1r\u00f3list\u00e1k: \u00e9veket is v\u00e1rhatnak m\u0171t\u00e9tekre a magyar betegek<\/h2>\n<p>Egy h\u00e9t telt el blogcikk\u00fcnk publik\u00e1l\u00e1sa \u00f3ta, amiben a m\u00e1jus 7-i Portf\u00f3li\u00f3.hu-s interj\u00famat osztottam meg, azaz 1 h\u00f3napja nyilatkoztam a fenti sorokat, \u00e9s most a P\u00e9nzcentrum is hasonl\u00f3 k\u00f6vetkeztet\u00e9sre jutott, mint \u00e9n a cikkemben. Ha valaki eddig halogatta a d\u00f6nt\u00e9st, akkor most ideje felkapnia a fej\u00e9t, mert enn\u00e9l nyom\u00f3sabban \u00e9rv nem kell az eg\u00e9szs\u00e9gbiztos\u00edt\u00e1s mellett!<\/p>\n<p>&nbsp;<\/p>\n<p>Bal\u00e1zs Iv\u00e1n \/ eg\u00e9szs\u00e9gbiztos\u00edt\u00e1si szak\u00e9rt\u0151<\/p>\n<p>&nbsp;<\/p>\n<h4><a href=\"https:\/\/balazsivan.hu\/egeszsegbiztositas-osszehasonlito\/\">Nincs v\u00e1llalati eg\u00e9szs\u00e9gbiztos\u00edt\u00e1si partnere?<\/a><\/h4>\n<h4><a href=\"https:\/\/balazsivan.hu\/egeszsegbiztositas-osszehasonlito\/\" target=\"_blank\" rel=\"noopener noreferrer\">A 8 hazai eg\u00e9szs\u00e9gbiztos\u00edt\u00e1si szolg\u00e1ltat\u00f3 k\u00f6z\u00fcl biztos megtal\u00e1lja azt, ami \u00d6nnek kell! Kattintson!<\/a><\/h4>\n<p>&nbsp;<\/p>\n<p>&nbsp;<\/p>\n<p><strong><u> <\/u><\/strong><\/p>\n<p>A cikk eredetije a <a href=\"https:\/\/www.portfolio.hu\/uzlet\/20200507\/a-kovetkezo-hetekben-megrohanhatjak-a-magyar-rendeloket-magankorhazakat-430414\" target=\"_blank\" rel=\"noopener noreferrer\">Portf\u00f3li\u00f3.hu oldalon<\/a> jelent meg.<\/p>\n","protected":false},"excerpt":{"rendered":"<p>Jelent\u0151s visszaes\u00e9st jelentett a 2020 m\u00e1rcius-\u00e1prilis h\u00f3nap a mag\u00e1n-eg\u00e9szs\u00e9g\u00fcgynek, m\u0171t\u00e9tek maradtak el, sokan nem mentek vagy nem mehettek vissza kontroll vizsg\u00e1latra, felhalmoz\u00f3dtak, feltorl\u00f3dtak az orvosi \u00fcgyek. Ez mag\u00e1val hozza az eg\u00e9szs\u00e9gbiztos\u00edt\u00e1si piac \u00e1talakul\u00e1s\u00e1t is. \u00dagy l\u00e1tom, hogy a dolgoz\u00f3i eg\u00e9szs\u00e9gbiztos\u00edt\u00e1s az a juttat\u00e1s, amit m\u00e9g a nehezebb helyzetben lev\u0151 c\u00e9gek is igyekeztek megtartani, hiszen a [&hellip;]<\/p>\n","protected":false},"author":5,"featured_media":1443,"comment_status":"closed","ping_status":"closed","sticky":false,"template":"","format":"standard","meta":[],"categories":[29],"tags":[],"yoast_head":"<!-- This site is optimized with the Yoast SEO plugin v20.6 - https:\/\/yoast.com\/wordpress\/plugins\/seo\/ -->\n<title>A nyit\u00e1s ut\u00e1n megrohanj\u00e1k a magyar rendel\u0151ket, mag\u00e1nk\u00f3rh\u00e1zakat - Bal\u00e1zs Iv\u00e1n - V\u00e1llalati eg\u00e9szs\u00e9gbiztos\u00edt\u00e1si szak\u00e9rt\u0151<\/title>\n<meta name=\"robots\" content=\"index, follow, max-snippet:-1, max-image-preview:large, max-video-preview:-1\" \/>\n<link rel=\"canonical\" href=\"http:\/\/balazsivan.hu\/en\/blog\/a-nyitas-utan-megrohanjak-a-magyar-rendeloket-magankorhazakat\/\" \/>\n<meta property=\"og:locale\" content=\"en_US\" \/>\n<meta property=\"og:type\" content=\"article\" \/>\n<meta property=\"og:title\" content=\"A nyit\u00e1s ut\u00e1n megrohanj\u00e1k a magyar rendel\u0151ket, mag\u00e1nk\u00f3rh\u00e1zakat - Bal\u00e1zs Iv\u00e1n - V\u00e1llalati eg\u00e9szs\u00e9gbiztos\u00edt\u00e1si szak\u00e9rt\u0151\" \/>\n<meta property=\"og:description\" content=\"Jelent\u0151s visszaes\u00e9st jelentett a 2020 m\u00e1rcius-\u00e1prilis h\u00f3nap a mag\u00e1n-eg\u00e9szs\u00e9g\u00fcgynek, m\u0171t\u00e9tek maradtak el, sokan nem mentek vagy nem mehettek vissza kontroll vizsg\u00e1latra, felhalmoz\u00f3dtak, feltorl\u00f3dtak az orvosi \u00fcgyek. Ez mag\u00e1val hozza az eg\u00e9szs\u00e9gbiztos\u00edt\u00e1si piac \u00e1talakul\u00e1s\u00e1t is. \u00dagy l\u00e1tom, hogy a dolgoz\u00f3i eg\u00e9szs\u00e9gbiztos\u00edt\u00e1s az a juttat\u00e1s, amit m\u00e9g a nehezebb helyzetben lev\u0151 c\u00e9gek is igyekeztek megtartani, hiszen a [&hellip;]\" \/>\n<meta property=\"og:url\" content=\"http:\/\/balazsivan.hu\/en\/blog\/a-nyitas-utan-megrohanjak-a-magyar-rendeloket-magankorhazakat\/\" \/>\n<meta property=\"og:site_name\" content=\"Bal\u00e1zs Iv\u00e1n - V\u00e1llalati eg\u00e9szs\u00e9gbiztos\u00edt\u00e1si szak\u00e9rt\u0151\" \/>\n<meta property=\"article:publisher\" content=\"https:\/\/www.facebook.com\/balazsivan0\" \/>\n<meta property=\"article:published_time\" content=\"2020-05-28T10:14:31+00:00\" \/>\n<meta property=\"article:modified_time\" content=\"2023-02-13T17:20:51+00:00\" \/>\n<meta property=\"og:image\" content=\"https:\/\/balazsivan.hu\/wp-content\/uploads\/2020\/05\/person-in-black-sweater-hold-a-grey-road-bike-122477.jpg\" \/>\n\t<meta property=\"og:image:width\" content=\"1280\" \/>\n\t<meta property=\"og:image:height\" content=\"853\" \/>\n\t<meta property=\"og:image:type\" content=\"image\/jpeg\" \/>\n<meta name=\"author\" content=\"RBLMarketing\" \/>\n<meta name=\"twitter:card\" content=\"summary_large_image\" \/>\n<meta name=\"twitter:label1\" content=\"Written by\" \/>\n\t<meta name=\"twitter:data1\" content=\"RBLMarketing\" \/>\n\t<meta name=\"twitter:label2\" content=\"Est. reading time\" \/>\n\t<meta name=\"twitter:data2\" content=\"6 minutes\" \/>\n<script type=\"application\/ld+json\" class=\"yoast-schema-graph\">{\"@context\":\"https:\/\/schema.org\",\"@graph\":[{\"@type\":\"WebPage\",\"@id\":\"http:\/\/balazsivan.hu\/en\/blog\/a-nyitas-utan-megrohanjak-a-magyar-rendeloket-magankorhazakat\/\",\"url\":\"http:\/\/balazsivan.hu\/en\/blog\/a-nyitas-utan-megrohanjak-a-magyar-rendeloket-magankorhazakat\/\",\"name\":\"A nyit\u00e1s ut\u00e1n megrohanj\u00e1k a magyar rendel\u0151ket, mag\u00e1nk\u00f3rh\u00e1zakat - Bal\u00e1zs Iv\u00e1n - V\u00e1llalati eg\u00e9szs\u00e9gbiztos\u00edt\u00e1si szak\u00e9rt\u0151\",\"isPartOf\":{\"@id\":\"https:\/\/balazsivan.hu\/en\/#website\"},\"datePublished\":\"2020-05-28T10:14:31+00:00\",\"dateModified\":\"2023-02-13T17:20:51+00:00\",\"author\":{\"@id\":\"https:\/\/balazsivan.hu\/en\/#\/schema\/person\/b641fa7aa2265e64c173d7f170e3aa80\"},\"breadcrumb\":{\"@id\":\"http:\/\/balazsivan.hu\/en\/blog\/a-nyitas-utan-megrohanjak-a-magyar-rendeloket-magankorhazakat\/#breadcrumb\"},\"inLanguage\":\"en-US\",\"potentialAction\":[{\"@type\":\"ReadAction\",\"target\":[\"http:\/\/balazsivan.hu\/en\/blog\/a-nyitas-utan-megrohanjak-a-magyar-rendeloket-magankorhazakat\/\"]}]},{\"@type\":\"BreadcrumbList\",\"@id\":\"http:\/\/balazsivan.hu\/en\/blog\/a-nyitas-utan-megrohanjak-a-magyar-rendeloket-magankorhazakat\/#breadcrumb\",\"itemListElement\":[{\"@type\":\"ListItem\",\"position\":1,\"name\":\"Home\",\"item\":\"https:\/\/balazsivan.hu\/en\/\"},{\"@type\":\"ListItem\",\"position\":2,\"name\":\"A nyit\u00e1s ut\u00e1n megrohanj\u00e1k a magyar rendel\u0151ket, mag\u00e1nk\u00f3rh\u00e1zakat\"}]},{\"@type\":\"WebSite\",\"@id\":\"https:\/\/balazsivan.hu\/en\/#website\",\"url\":\"https:\/\/balazsivan.hu\/en\/\",\"name\":\"Bal\u00e1zs Iv\u00e1n - V\u00e1llalati eg\u00e9szs\u00e9gbiztos\u00edt\u00e1si szak\u00e9rt\u0151\",\"description\":\"V\u00e1llalati eg\u00e9szs\u00e9gbiztos\u00edt\u00e1si szak\u00e9rt\u0151\",\"potentialAction\":[{\"@type\":\"SearchAction\",\"target\":{\"@type\":\"EntryPoint\",\"urlTemplate\":\"https:\/\/balazsivan.hu\/en\/?s={search_term_string}\"},\"query-input\":\"required name=search_term_string\"}],\"inLanguage\":\"en-US\"},{\"@type\":\"Person\",\"@id\":\"https:\/\/balazsivan.hu\/en\/#\/schema\/person\/b641fa7aa2265e64c173d7f170e3aa80\",\"name\":\"RBLMarketing\",\"image\":{\"@type\":\"ImageObject\",\"inLanguage\":\"en-US\",\"@id\":\"https:\/\/balazsivan.hu\/en\/#\/schema\/person\/image\/\",\"url\":\"https:\/\/secure.gravatar.com\/avatar\/0252da4e558c110507f80812325fc8ef?s=96&d=mm&r=g\",\"contentUrl\":\"https:\/\/secure.gravatar.com\/avatar\/0252da4e558c110507f80812325fc8ef?s=96&d=mm&r=g\",\"caption\":\"RBLMarketing\"},\"url\":\"https:\/\/balazsivan.hu\/en\/author\/rblmarketing\/\"}]}<\/script>\n<!-- \/ Yoast SEO plugin. -->","yoast_head_json":{"title":"A nyit\u00e1s ut\u00e1n megrohanj\u00e1k a magyar rendel\u0151ket, mag\u00e1nk\u00f3rh\u00e1zakat - Bal\u00e1zs Iv\u00e1n - V\u00e1llalati eg\u00e9szs\u00e9gbiztos\u00edt\u00e1si szak\u00e9rt\u0151","robots":{"index":"index","follow":"follow","max-snippet":"max-snippet:-1","max-image-preview":"max-image-preview:large","max-video-preview":"max-video-preview:-1"},"canonical":"http:\/\/balazsivan.hu\/en\/blog\/a-nyitas-utan-megrohanjak-a-magyar-rendeloket-magankorhazakat\/","og_locale":"en_US","og_type":"article","og_title":"A nyit\u00e1s ut\u00e1n megrohanj\u00e1k a magyar rendel\u0151ket, mag\u00e1nk\u00f3rh\u00e1zakat - Bal\u00e1zs Iv\u00e1n - V\u00e1llalati eg\u00e9szs\u00e9gbiztos\u00edt\u00e1si szak\u00e9rt\u0151","og_description":"Jelent\u0151s visszaes\u00e9st jelentett a 2020 m\u00e1rcius-\u00e1prilis h\u00f3nap a mag\u00e1n-eg\u00e9szs\u00e9g\u00fcgynek, m\u0171t\u00e9tek maradtak el, sokan nem mentek vagy nem mehettek vissza kontroll vizsg\u00e1latra, felhalmoz\u00f3dtak, feltorl\u00f3dtak az orvosi \u00fcgyek. Ez mag\u00e1val hozza az eg\u00e9szs\u00e9gbiztos\u00edt\u00e1si piac \u00e1talakul\u00e1s\u00e1t is. \u00dagy l\u00e1tom, hogy a dolgoz\u00f3i eg\u00e9szs\u00e9gbiztos\u00edt\u00e1s az a juttat\u00e1s, amit m\u00e9g a nehezebb helyzetben lev\u0151 c\u00e9gek is igyekeztek megtartani, hiszen a [&hellip;]","og_url":"http:\/\/balazsivan.hu\/en\/blog\/a-nyitas-utan-megrohanjak-a-magyar-rendeloket-magankorhazakat\/","og_site_name":"Bal\u00e1zs Iv\u00e1n - V\u00e1llalati eg\u00e9szs\u00e9gbiztos\u00edt\u00e1si szak\u00e9rt\u0151","article_publisher":"https:\/\/www.facebook.com\/balazsivan0","article_published_time":"2020-05-28T10:14:31+00:00","article_modified_time":"2023-02-13T17:20:51+00:00","og_image":[{"width":1280,"height":853,"url":"https:\/\/balazsivan.hu\/wp-content\/uploads\/2020\/05\/person-in-black-sweater-hold-a-grey-road-bike-122477.jpg","type":"image\/jpeg"}],"author":"RBLMarketing","twitter_card":"summary_large_image","twitter_misc":{"Written by":"RBLMarketing","Est. reading time":"6 minutes"},"schema":{"@context":"https:\/\/schema.org","@graph":[{"@type":"WebPage","@id":"http:\/\/balazsivan.hu\/en\/blog\/a-nyitas-utan-megrohanjak-a-magyar-rendeloket-magankorhazakat\/","url":"http:\/\/balazsivan.hu\/en\/blog\/a-nyitas-utan-megrohanjak-a-magyar-rendeloket-magankorhazakat\/","name":"A nyit\u00e1s ut\u00e1n megrohanj\u00e1k a magyar rendel\u0151ket, mag\u00e1nk\u00f3rh\u00e1zakat - Bal\u00e1zs Iv\u00e1n - V\u00e1llalati eg\u00e9szs\u00e9gbiztos\u00edt\u00e1si szak\u00e9rt\u0151","isPartOf":{"@id":"https:\/\/balazsivan.hu\/en\/#website"},"datePublished":"2020-05-28T10:14:31+00:00","dateModified":"2023-02-13T17:20:51+00:00","author":{"@id":"https:\/\/balazsivan.hu\/en\/#\/schema\/person\/b641fa7aa2265e64c173d7f170e3aa80"},"breadcrumb":{"@id":"http:\/\/balazsivan.hu\/en\/blog\/a-nyitas-utan-megrohanjak-a-magyar-rendeloket-magankorhazakat\/#breadcrumb"},"inLanguage":"en-US","potentialAction":[{"@type":"ReadAction","target":["http:\/\/balazsivan.hu\/en\/blog\/a-nyitas-utan-megrohanjak-a-magyar-rendeloket-magankorhazakat\/"]}]},{"@type":"BreadcrumbList","@id":"http:\/\/balazsivan.hu\/en\/blog\/a-nyitas-utan-megrohanjak-a-magyar-rendeloket-magankorhazakat\/#breadcrumb","itemListElement":[{"@type":"ListItem","position":1,"name":"Home","item":"https:\/\/balazsivan.hu\/en\/"},{"@type":"ListItem","position":2,"name":"A nyit\u00e1s ut\u00e1n megrohanj\u00e1k a magyar rendel\u0151ket, mag\u00e1nk\u00f3rh\u00e1zakat"}]},{"@type":"WebSite","@id":"https:\/\/balazsivan.hu\/en\/#website","url":"https:\/\/balazsivan.hu\/en\/","name":"Bal\u00e1zs Iv\u00e1n - V\u00e1llalati eg\u00e9szs\u00e9gbiztos\u00edt\u00e1si szak\u00e9rt\u0151","description":"V\u00e1llalati eg\u00e9szs\u00e9gbiztos\u00edt\u00e1si szak\u00e9rt\u0151","potentialAction":[{"@type":"SearchAction","target":{"@type":"EntryPoint","urlTemplate":"https:\/\/balazsivan.hu\/en\/?s={search_term_string}"},"query-input":"required name=search_term_string"}],"inLanguage":"en-US"},{"@type":"Person","@id":"https:\/\/balazsivan.hu\/en\/#\/schema\/person\/b641fa7aa2265e64c173d7f170e3aa80","name":"RBLMarketing","image":{"@type":"ImageObject","inLanguage":"en-US","@id":"https:\/\/balazsivan.hu\/en\/#\/schema\/person\/image\/","url":"https:\/\/secure.gravatar.com\/avatar\/0252da4e558c110507f80812325fc8ef?s=96&d=mm&r=g","contentUrl":"https:\/\/secure.gravatar.com\/avatar\/0252da4e558c110507f80812325fc8ef?s=96&d=mm&r=g","caption":"RBLMarketing"},"url":"https:\/\/balazsivan.hu\/en\/author\/rblmarketing\/"}]}},"_links":{"self":[{"href":"https:\/\/balazsivan.hu\/en\/wp-json\/wp\/v2\/posts\/1551"}],"collection":[{"href":"https:\/\/balazsivan.hu\/en\/wp-json\/wp\/v2\/posts"}],"about":[{"href":"https:\/\/balazsivan.hu\/en\/wp-json\/wp\/v2\/types\/post"}],"author":[{"embeddable":true,"href":"https:\/\/balazsivan.hu\/en\/wp-json\/wp\/v2\/users\/5"}],"replies":[{"embeddable":true,"href":"https:\/\/balazsivan.hu\/en\/wp-json\/wp\/v2\/comments?post=1551"}],"version-history":[{"count":1,"href":"https:\/\/balazsivan.hu\/en\/wp-json\/wp\/v2\/posts\/1551\/revisions"}],"predecessor-version":[{"id":1552,"href":"https:\/\/balazsivan.hu\/en\/wp-json\/wp\/v2\/posts\/1551\/revisions\/1552"}],"wp:featuredmedia":[{"embeddable":true,"href":"https:\/\/balazsivan.hu\/en\/wp-json\/wp\/v2\/media\/1443"}],"wp:attachment":[{"href":"https:\/\/balazsivan.hu\/en\/wp-json\/wp\/v2\/media?parent=1551"}],"wp:term":[{"taxonomy":"category","embeddable":true,"href":"https:\/\/balazsivan.hu\/en\/wp-json\/wp\/v2\/categories?post=1551"},{"taxonomy":"post_tag","embeddable":true,"href":"https:\/\/balazsivan.hu\/en\/wp-json\/wp\/v2\/tags?post=1551"}],"curies":[{"name":"wp","href":"https:\/\/api.w.org\/{rel}","templated":true}]}}