{"id":1532,"date":"2020-07-27T13:39:41","date_gmt":"2020-07-27T13:39:41","guid":{"rendered":"https:\/\/balazsivan.hu\/orszagos-egeszsegbiztositasi-piackutatasi-eredmenyek\/"},"modified":"2023-02-13T17:17:09","modified_gmt":"2023-02-13T17:17:09","slug":"orszagos-egeszsegbiztositasi-piackutatasi-eredmenyek","status":"publish","type":"post","link":"http:\/\/balazsivan.hu\/en\/blog\/orszagos-egeszsegbiztositasi-piackutatasi-eredmenyek\/","title":{"rendered":"Orsz\u00e1gos eg\u00e9szs\u00e9gbiztos\u00edt\u00e1si piackutat\u00e1si eredm\u00e9nyek"},"content":{"rendered":"<p><a href=\"https:\/\/healthpass.hu\/?utm_source=blog&amp;utm_medium=textlink&amp;utm_term=balazs-ivan-blog&amp;utm_content=balazs-ivan-blog&amp;utm_campaign=balazs-ivan-blog-healthpass\" target=\"_blank\" rel=\"noopener noreferrer\"><strong>Healthpass: online \u00e9s offline konferencia a tapasztalatmegoszt\u00e1s \u00e9s a felk\u00e9sz\u00fcl\u00e9s jegy\u00e9ben<\/strong><\/a><\/p>\n<p>50 f\u0151 feletti l\u00e9tsz\u00e1mmal rendelkez\u0151 v\u00e1llalatok HR vezet\u0151it k\u00e9rdeztem arr\u00f3l, hogy az elm\u00falt id\u0151szakban mennyire \u00e9rintette \u0151ket a pand\u00e9mi\u00e1s helyzet, illetve az eg\u00e9szs\u00e9gbiztos\u00edt\u00e1sok ter\u00fclet\u00e9n milyen tapasztalataik vannak. A r\u00e9szletes jelent\u00e9s a cikk v\u00e9g\u00e9n let\u00f6lthet\u0151.<\/p>\n<h3>A v\u00edrushelyzet mindenkit megterhelt<\/h3>\n<p>Gondolom, hogy senkit sem lep meg az az eredm\u00e9ny, hogy a c\u00e9geket ment\u00e1lisan rendk\u00edv\u00fcl megterhelte az elm\u00falt id\u0151szak. Olyan v\u00e1laszt &#8211; a t\u00f6bb sz\u00e1z kit\u00f6lt\u0151 k\u00f6z\u00fcl- senkit\u0151l sem kaptam, hogy \u00e9rintetlen\u00fcl hagyta volna \u0151ket.<\/p>\n<p>A v\u00e1laszad\u00f3k d\u00f6nt\u0151 t\u00f6bbs\u00e9ge tett l\u00e9p\u00e9seket a koll\u00e9g\u00e1ik ment\u00e1lis eg\u00e9szs\u00e9g\u00e9nek meg\u00f3v\u00e1sa \u00e9rdek\u00e9ben, azonban sokak sz\u00e1m\u00e1ra az eredm\u00e9nyek nem voltak megfelel\u0151ek, \u00edgy tov\u00e1bbi l\u00e9p\u00e9sekben gondolkodnak.<\/p>\n<div id=\"attachment_877\" style=\"width: 1040px\" class=\"wp-caption alignnone\"><img aria-describedby=\"caption-attachment-877\" decoding=\"async\" loading=\"lazy\" class=\"wp-image-877 size-large\" src=\"http:\/\/balazsivan.hu\/wp-content\/uploads\/2020\/07\/eg\u00e9szs\u00e9gbiztos\u00edt\u00e1si-kutat\u00e1s-1-1030x365.jpg\" alt=\"mennyire terhelte le a pand\u00e9mia a munkav\u00e1llal\u00f3kat?\" width=\"1030\" height=\"365\" srcset=\"https:\/\/balazsivan.hu\/wp-content\/uploads\/2020\/07\/eg\u00e9szs\u00e9gbiztos\u00edt\u00e1si-kutat\u00e1s-1-1030x365.jpg 1030w, https:\/\/balazsivan.hu\/wp-content\/uploads\/2020\/07\/eg\u00e9szs\u00e9gbiztos\u00edt\u00e1si-kutat\u00e1s-1-300x106.jpg 300w, https:\/\/balazsivan.hu\/wp-content\/uploads\/2020\/07\/eg\u00e9szs\u00e9gbiztos\u00edt\u00e1si-kutat\u00e1s-1-768x272.jpg 768w, https:\/\/balazsivan.hu\/wp-content\/uploads\/2020\/07\/eg\u00e9szs\u00e9gbiztos\u00edt\u00e1si-kutat\u00e1s-1-1536x544.jpg 1536w, https:\/\/balazsivan.hu\/wp-content\/uploads\/2020\/07\/eg\u00e9szs\u00e9gbiztos\u00edt\u00e1si-kutat\u00e1s-1-450x159.jpg 450w, https:\/\/balazsivan.hu\/wp-content\/uploads\/2020\/07\/eg\u00e9szs\u00e9gbiztos\u00edt\u00e1si-kutat\u00e1s-1.jpg 1753w\" sizes=\"(max-width: 1030px) 100vw, 1030px\" \/><p id=\"caption-attachment-877\" class=\"wp-caption-text\">\u00d6n szerint a c\u00e9ge munkav\u00e1llal\u00f3it mennyire terhelte meg ment\u00e1lisan az elm\u00falt id\u0151szak?<\/p><\/div>\n<h3>Eg\u00e9szs\u00e9gbiztos\u00edt\u00e1s szerepe a juttat\u00e1si rendszerben<\/h3>\n<p>Meglep\u0151 adat volt sz\u00e1momra, hogy a v\u00e1laszad\u00f3k 70%-n\u00e1l nincs eg\u00e9szs\u00e9gbiztos\u00edt\u00e1s a juttat\u00e1si rendszerben, m\u00e9g vezet\u0151i szinten sem! Ennek okak\u00e9nt a legt\u00f6bben azt adt\u00e1k meg, hogy sok m\u00e1s juttat\u00e1s fontosabb volt, illetve v\u00e9lhet\u0151en a munkav\u00e1llal\u00f3k is m\u00e1st k\u00e9rtek, ha tehett\u00e9k, mint az eg\u00e9szs\u00e9gbiztos\u00edt\u00e1st.<\/p>\n<p><strong>Sokan adtak olyan visszajelz\u00e9st, hogy az elm\u00falt id\u0151szak mind a munkav\u00e1llal\u00f3k, mind a d\u00f6nt\u00e9shoz\u00f3k szem\u00e9ben \u00e1t\u00e9rt\u00e9kelte a koll\u00e9g\u00e1k eg\u00e9szs\u00e9g\u00e9nek fontoss\u00e1g\u00e1t, illetve a mag\u00e1n eg\u00e9szs\u00e9g\u00fcgyi ell\u00e1t\u00e1shoz val\u00f3 gyors hozz\u00e1f\u00e9r\u00e9st.<\/strong><\/p>\n<p>Azokn\u00e1l a c\u00e9gekn\u00e9l, ahol volt lehet\u0151s\u00e9g az eg\u00e9szs\u00e9gbiztos\u00edt\u00e1sok kor\u00e1bbi bevezet\u00e9s\u00e9re, ott t\u00f6bbs\u00e9g\u00e9ben minden munkav\u00e1llal\u00f3ra vezett\u00e9k be azt. Kisebbs\u00e9gben voltak azok a v\u00e1laszok, ahol cafeteria elemk\u00e9nt vagy csak egy bizonyos k\u00f6rnek ny\u00fajtott\u00e1k azt.<\/p>\n<h3>\u00dczleti d\u00f6nt\u00e9s 1 aj\u00e1nlat alapj\u00e1n<\/h3>\n<p>Hihetetlen, de igaz, hogy a v\u00e1laszad\u00f3k jelent\u0151s r\u00e9szre mind\u00f6sszesen egyetlen aj\u00e1nlat alapj\u00e1n k\u00f6t\u00f6tt csoportos eg\u00e9szs\u00e9gbiztos\u00edt\u00e1si szerz\u0151d\u00e9st munkav\u00e1llal\u00f3ira \u00e9s a m\u00e1sik fele is csak 2-3 aj\u00e1nlat k\u00f6z\u00fcl v\u00e1lasztott. A piacon 6-8 biztos\u00edt\u00f3 ny\u00fajt sz\u00ednvonalas aj\u00e1nlatot, akik k\u00f6z\u00fcl egyszerre 4 aj\u00e1nlat\u00e1t alig p\u00e1r c\u00e9g n\u00e9zte meg.<\/p>\n<div id=\"attachment_857\" style=\"width: 1040px\" class=\"wp-caption aligncenter\"><img aria-describedby=\"caption-attachment-857\" decoding=\"async\" loading=\"lazy\" class=\"wp-image-857 size-large\" src=\"http:\/\/balazsivan.hu\/wp-content\/uploads\/2020\/07\/2-2-1030x357.jpg\" alt=\"h\u00e1ny eg\u00e9szs\u00e9gbiztos\u00edt\u00f3 aj\u00e1nlata k\u00f6z\u00fcl v\u00e1lasztottak\" width=\"1030\" height=\"357\" srcset=\"https:\/\/balazsivan.hu\/wp-content\/uploads\/2020\/07\/2-2-1030x357.jpg 1030w, https:\/\/balazsivan.hu\/wp-content\/uploads\/2020\/07\/2-2-300x104.jpg 300w, https:\/\/balazsivan.hu\/wp-content\/uploads\/2020\/07\/2-2-768x267.jpg 768w, https:\/\/balazsivan.hu\/wp-content\/uploads\/2020\/07\/2-2-450x156.jpg 450w, https:\/\/balazsivan.hu\/wp-content\/uploads\/2020\/07\/2-2.jpg 1406w\" sizes=\"(max-width: 1030px) 100vw, 1030px\" \/><p id=\"caption-attachment-857\" class=\"wp-caption-text\">H\u00e1ny aj\u00e1nlat k\u00f6z\u00fcl v\u00e1lasztottak?<\/p><\/div>\n<p>Ebb\u0151l azt a k\u00f6vetkeztet\u00e9st tudom levonni, hogy <strong>a piacon val\u00f3 eg\u00e9szs\u00e9gbiztos\u00edt\u00e1si tan\u00e1csad\u00e1s nagy r\u00e9sz\u00e9t a biztos\u00edt\u00f3k saj\u00e1t tan\u00e1csad\u00f3i v\u00e9gzik vagy olyan \u201ef\u00fcggetlen\u201d tan\u00e1csad\u00f3k, akik v\u00e9g\u00fcl csak egy aj\u00e1nlatot tesznek le az asztalra.<\/strong> Az alkuszokat t\u00f6rv\u00e9ny k\u00f6telezi legal\u00e1bb 3 aj\u00e1nlat bemutat\u00e1s\u00e1ra, \u00edgy \u0151k vagy alig vesznek r\u00e9szt ebben az ipar\u00e1gban vagy egy-egy tan\u00e1csad\u00f3nak nincs r\u00e1l\u00e1t\u00e1sa a teljes piaci vertikumra.<\/p>\n<p>A t\u00f6bb aj\u00e1nlatb\u00f3l val\u00f3 v\u00e1laszt\u00e1s \u00e9s a versenyeztet\u00e9s az \u00fcgyf\u00e9l \u00e9rdeke, hiszen ezzel kedvez\u0151bb d\u00edjak, illetve t\u00f6bbletszolg\u00e1ltat\u00e1sok \u00e9rhet\u0151ek el.<\/p>\n<h3>El\u00e9gedettek a szolg\u00e1ltat\u00f3kkal<\/h3>\n<p>A v\u00e1llalatokn\u00e1l megl\u00e9v\u0151 eg\u00e9szs\u00e9gbiztos\u00edt\u00e1sok eset\u00e9ben el\u00e9gedetts\u00e9get is m\u00e9rt\u00fcnk. Ennek eredm\u00e9nye, hogy t\u00f6bbs\u00e9g\u00e9ben megfelel\u0151 sz\u00ednvonal\u00fa az eg\u00e9szs\u00e9g\u00fcgyi ell\u00e1t\u00e1s, csupa 4-5 pontot adtak a v\u00e1laszad\u00f3k. (a maximum 5 pont)<\/p>\n<div id=\"attachment_859\" style=\"width: 1040px\" class=\"wp-caption alignnone\"><img aria-describedby=\"caption-attachment-859\" decoding=\"async\" loading=\"lazy\" class=\"wp-image-859 size-large\" src=\"http:\/\/balazsivan.hu\/wp-content\/uploads\/2020\/07\/3-2-1030x361.jpg\" alt=\"Jelenlegi eg\u00e9szs\u00e9gbiztos\u00edt\u00f3j\u00e1val mennyire el\u00e9gedett?\" width=\"1030\" height=\"361\" srcset=\"https:\/\/balazsivan.hu\/wp-content\/uploads\/2020\/07\/3-2-1030x361.jpg 1030w, https:\/\/balazsivan.hu\/wp-content\/uploads\/2020\/07\/3-2-300x105.jpg 300w, https:\/\/balazsivan.hu\/wp-content\/uploads\/2020\/07\/3-2-768x269.jpg 768w, https:\/\/balazsivan.hu\/wp-content\/uploads\/2020\/07\/3-2-450x158.jpg 450w, https:\/\/balazsivan.hu\/wp-content\/uploads\/2020\/07\/3-2.jpg 1420w\" sizes=\"(max-width: 1030px) 100vw, 1030px\" \/><p id=\"caption-attachment-859\" class=\"wp-caption-text\">Jelenlegi eg\u00e9szs\u00e9gbiztos\u00edt\u00f3j\u00e1val mennyire el\u00e9gedett?<\/p><\/div>\n<p>A legt\u00f6bb szolg\u00e1ltat\u00f3n\u00e1l a kritikus pont az adminisztr\u00e1ci\u00f3ban szokott lenni, j\u00f3magam is ez\u00e9rt szentelek ennek olyan nagy figyelmet az \u00fcgyfeleimn\u00e9l.<\/p>\n<p>A v\u00e1ltoz\u00e1sok k\u00f6vet\u00e9se szinte minden v\u00e1laszad\u00f3n\u00e1l el\u00e9g j\u00f3l m\u0171k\u00f6dik. Nem ilyen pozit\u00edvak a visszajelz\u00e9sek a sz\u00e1ml\u00e1z\u00e1s kapcs\u00e1n. Itt m\u00e1r nem elhanyagolhat\u00f3 a panaszok sz\u00e1ma.<\/p>\n<p>A pand\u00e9mi\u00e1s helyzetre val\u00f3 reakci\u00f3, illetve ebben az id\u0151szakban l\u00e9v\u0151 tan\u00e1csad\u00f3i t\u00e1mogat\u00e1s kapta a legrosszabb pontokat a v\u00e1laszad\u00f3k k\u00f6r\u00e9ben.<\/p>\n<h3>Mi alapj\u00e1n v\u00e1lasztanak eg\u00e9szs\u00e9gbiztos\u00edt\u00e1st?<\/h3>\n<p>Arra a k\u00e9rd\u00e9sre szinte minden r\u00e9sztvev\u0151 v\u00e1laszolt, hogy melyek a legfontosabb d\u00f6nt\u00e9si krit\u00e9riumok a megfelel\u0151 eg\u00e9szs\u00e9gbiztos\u00edt\u00e1s kiv\u00e1laszt\u00e1s\u00e1n\u00e1l. A v\u00e1laszok 63%-a sz\u00e9lesk\u00f6r\u0171 szolg\u00e1ltat\u00f3i h\u00e1l\u00f3zatot, illetve a min\u00e9l sz\u00e9lesebb szolg\u00e1ltat\u00e1si k\u00f6r lefed\u00e9s\u00e9t jelezte. Sokaknak fontos jelenleg a kiv\u00e1laszt\u00e1sn\u00e1l az el\u0151zm\u00e9nybetegs\u00e9gek bev\u00e1llal\u00e1sa, a mag\u00e1n s\u00fcrg\u0151ss\u00e9gi ell\u00e1t\u00e1s, illetve a prevenci\u00f3s sz\u0171r\u00e9s. A legfontosabb d\u00f6nt\u00e9si szempont azonban (73%) az \u00e1r!<\/p>\n<div id=\"attachment_880\" style=\"width: 1040px\" class=\"wp-caption alignnone\"><img aria-describedby=\"caption-attachment-880\" decoding=\"async\" loading=\"lazy\" class=\"wp-image-880 size-large\" src=\"http:\/\/balazsivan.hu\/wp-content\/uploads\/2020\/07\/eg\u00e9szs\u00e9gbiztos\u00edt\u00e1si-kutat\u00e1s-mi-alapj\u00e1n-v\u00e1lasztanak-1030x357.jpg\" alt=\"legfontosabb d\u00f6nt\u00e9si krit\u00e9riumok egy eg\u00e9szs\u00e9gbiztos\u00edt\u00e1s kiv\u00e1laszt\u00e1sn\u00e1l\" width=\"1030\" height=\"357\" srcset=\"https:\/\/balazsivan.hu\/wp-content\/uploads\/2020\/07\/eg\u00e9szs\u00e9gbiztos\u00edt\u00e1si-kutat\u00e1s-mi-alapj\u00e1n-v\u00e1lasztanak-1030x357.jpg 1030w, https:\/\/balazsivan.hu\/wp-content\/uploads\/2020\/07\/eg\u00e9szs\u00e9gbiztos\u00edt\u00e1si-kutat\u00e1s-mi-alapj\u00e1n-v\u00e1lasztanak-300x104.jpg 300w, https:\/\/balazsivan.hu\/wp-content\/uploads\/2020\/07\/eg\u00e9szs\u00e9gbiztos\u00edt\u00e1si-kutat\u00e1s-mi-alapj\u00e1n-v\u00e1lasztanak-768x266.jpg 768w, https:\/\/balazsivan.hu\/wp-content\/uploads\/2020\/07\/eg\u00e9szs\u00e9gbiztos\u00edt\u00e1si-kutat\u00e1s-mi-alapj\u00e1n-v\u00e1lasztanak-1536x532.jpg 1536w, https:\/\/balazsivan.hu\/wp-content\/uploads\/2020\/07\/eg\u00e9szs\u00e9gbiztos\u00edt\u00e1si-kutat\u00e1s-mi-alapj\u00e1n-v\u00e1lasztanak-450x156.jpg 450w, https:\/\/balazsivan.hu\/wp-content\/uploads\/2020\/07\/eg\u00e9szs\u00e9gbiztos\u00edt\u00e1si-kutat\u00e1s-mi-alapj\u00e1n-v\u00e1lasztanak.jpg 1584w\" sizes=\"(max-width: 1030px) 100vw, 1030px\" \/><p id=\"caption-attachment-880\" class=\"wp-caption-text\">Legfontosabb d\u00f6nt\u00e9si krit\u00e9riumok egy eg\u00e9szs\u00e9gbiztos\u00edt\u00e1s kiv\u00e1laszt\u00e1sn\u00e1l<\/p><\/div>\n<p>\u00c9rdekes \u00f6sszef\u00fcgg\u00e9s, hogy a sok piacon l\u00e9v\u0151 aj\u00e1nlat k\u00f6z\u00f6tt nem egy olyan van, ahol a kedvez\u0151 \u00e1r \u00e9s a szel\u00e9s szolg\u00e1ltat\u00e1si k\u00f6r egyszerre el\u00e9rhet\u0151.<\/p>\n<h3>\u00daj ig\u00e9nyek az eg\u00e9szs\u00e9gbiztos\u00edt\u00e1sban<\/h3>\n<p>Az \u00fcgyf\u00e9lig\u00e9nyek k\u00f6z\u00f6tt eml\u00edt\u00e9sre m\u00e9lt\u00f3ak m\u00e9g azok az \u00faj ig\u00e9nyek, melyek az orvosi t\u00e1vkonzult\u00e1ci\u00f3ra \u00e9s az influenza elleni v\u00e9d\u0151olt\u00e1sra vonatkoznak.<\/p>\n<p>D\u00f6bbenetes v\u00e1laszok is \u00e9rkeztek, miszerint az \u00f6sszes v\u00e1laszad\u00f3 12%-a nem versenyeztet, hanem a felettesei hat\u00e1rozz\u00e1k meg a \u201ev\u00e1lasztand\u00f3\u201d eg\u00e9szs\u00e9gbiztos\u00edt\u00e1st, teljesen figyelmen k\u00edv\u00fcl hagyva a munkav\u00e1llal\u00f3i \u00e9s HR ig\u00e9nyeket.<\/p>\n<h3>Term\u00e9kfejleszt\u00e9si \u00f6tletek eg\u00e9szs\u00e9gbiztos\u00edt\u00e1si szolg\u00e1ltat\u00f3knak<\/h3>\n<p>A piackutat\u00e1s v\u00e9g\u00e9n a biztos\u00edt\u00f3knak szerettem volna term\u00e9kfejleszt\u00e9si \u00f6tleteket \u00f6sszeszedni. Itt a k\u00f6vetkez\u0151 3 szolg\u00e1ltat\u00e1st szeretn\u00e9k az \u00fcgyfelek a v\u00e1llalati csoportos eg\u00e9szs\u00e9gbiztos\u00edt\u00e1sokban l\u00e1tni:<\/p>\n<ul>\n<li>mag\u00e1n s\u00fcrg\u0151ss\u00e9gi ell\u00e1t\u00e1s,<\/li>\n<li>fogorvosi ell\u00e1t\u00e1s,<\/li>\n<li>online id\u0151pont foglal\u00e1si rendszer.<\/li>\n<\/ul>\n<div id=\"attachment_881\" style=\"width: 1040px\" class=\"wp-caption alignnone\"><img aria-describedby=\"caption-attachment-881\" decoding=\"async\" loading=\"lazy\" class=\"wp-image-881 size-large\" src=\"http:\/\/balazsivan.hu\/wp-content\/uploads\/2020\/07\/eg\u00e9szs\u00e9gbiztos\u00edt\u00e1si-kutat\u00e1s-fejleszt\u00e9si-\u00f6tletek-1030x359.jpg\" alt=\"Melyek azok a szolg\u00e1ltat\u00e1sok, amiknek \u00f6r\u00fclne, ha a j\u00f6v\u0151ben be\u00e9p\u00fcln\u00e9nek az eg\u00e9szs\u00e9gbiztos\u00edt\u00e1sokba?\" width=\"1030\" height=\"359\" srcset=\"https:\/\/balazsivan.hu\/wp-content\/uploads\/2020\/07\/eg\u00e9szs\u00e9gbiztos\u00edt\u00e1si-kutat\u00e1s-fejleszt\u00e9si-\u00f6tletek-1030x359.jpg 1030w, https:\/\/balazsivan.hu\/wp-content\/uploads\/2020\/07\/eg\u00e9szs\u00e9gbiztos\u00edt\u00e1si-kutat\u00e1s-fejleszt\u00e9si-\u00f6tletek-300x105.jpg 300w, https:\/\/balazsivan.hu\/wp-content\/uploads\/2020\/07\/eg\u00e9szs\u00e9gbiztos\u00edt\u00e1si-kutat\u00e1s-fejleszt\u00e9si-\u00f6tletek-768x268.jpg 768w, https:\/\/balazsivan.hu\/wp-content\/uploads\/2020\/07\/eg\u00e9szs\u00e9gbiztos\u00edt\u00e1si-kutat\u00e1s-fejleszt\u00e9si-\u00f6tletek-1536x536.jpg 1536w, https:\/\/balazsivan.hu\/wp-content\/uploads\/2020\/07\/eg\u00e9szs\u00e9gbiztos\u00edt\u00e1si-kutat\u00e1s-fejleszt\u00e9si-\u00f6tletek-450x157.jpg 450w, https:\/\/balazsivan.hu\/wp-content\/uploads\/2020\/07\/eg\u00e9szs\u00e9gbiztos\u00edt\u00e1si-kutat\u00e1s-fejleszt\u00e9si-\u00f6tletek.jpg 1580w\" sizes=\"(max-width: 1030px) 100vw, 1030px\" \/><p id=\"caption-attachment-881\" class=\"wp-caption-text\">Melyek azok a szolg\u00e1ltat\u00e1sok, amiknek \u00f6r\u00fclne, ha a j\u00f6v\u0151ben be\u00e9p\u00fcln\u00e9nek az eg\u00e9szs\u00e9gbiztos\u00edt\u00e1sokba?<\/p><\/div>\n<p>\u00c9rdekess\u00e9g az, hogy az \u00faj szolg\u00e1ltat\u00e1si ig\u00e9nyek <strong>t\u00f6bbs\u00e9ge jelenleg is el\u00e9rhet\u0151<\/strong> az eg\u00e9szs\u00e9gbiztos\u00edt\u00e1sokban. Ezt azonban csak f\u00fcggetlen szak\u00e9rt\u0151vel \u00e9s sz\u00e9les aj\u00e1nlati v\u00e1laszt\u00e9kban lehet megtal\u00e1lni, esetenk\u00e9nt egyedi aj\u00e1nlatok form\u00e1j\u00e1ban.<\/p>\n<h3>Fejlesztend\u0151 ter\u00fcletek<\/h3>\n<p>Sok visszajelz\u00e9sb\u0151l kider\u00fclt az is, hogy a tan\u00e1csad\u00f3i szakm\u00e1nak nem csak az aj\u00e1nlatok bek\u00e9r\u00e9s\u00e9n\u00e9l \u00e9s \u00f6sszehasonl\u00edt\u00e1s\u00e1n\u00e1l van mit fejl\u0151dnie, hanem az adminisztr\u00e1ci\u00f3s terhek \u00e1tv\u00e9tel\u00e9ben is a HR oszt\u00e1lyt\u00f3l.<\/p>\n<p>Ig\u00e9ny lenne tov\u00e1bb\u00e1 a dolgoz\u00f3i k\u00e9rd\u00e9sek tov\u00e1bb\u00edthat\u00f3s\u00e1g\u00e1ra is, amit \u00e9n egy \u00fcgyf\u00e9lszolg\u00e1lat fenntart\u00e1s\u00e1val oldok meg, de sok tan\u00e1csad\u00f3 sz\u00e1m\u00e1ra ez m\u00e9g tov\u00e1bbi fejleszt\u00e9st ig\u00e9nyelne.<\/p>\n<p>Meglep\u0151 adat volt a sz\u00e1momra, hogy a HR oszt\u00e1ly r\u00e9sz\u00e9r\u0151l a legnagyobb ig\u00e9ny a dolgoz\u00f3i t\u00e1j\u00e9koztat\u00f3k megtart\u00e1s\u00e1ra lenne, ami szerintem alapszolg\u00e1ltat\u00e1s kell hogy legyen a mai vil\u00e1gban, hiszen csak a szolg\u00e1ltat\u00e1s r\u00e9szletes ismerete mellett v\u00e1rhat\u00f3 el a munkav\u00e1llal\u00f3t\u00f3l az eg\u00e9szs\u00e9gbiztos\u00edt\u00e1s tudatos haszn\u00e1lata.<\/p>\n<p>&nbsp;<\/p>\n<p>K\u00f6sz\u00f6n\u00f6m az els\u0151 orsz\u00e1gos v\u00e1llalati eg\u00e9szs\u00e9gbiztos\u00edt\u00e1si piackutat\u00e1sban val\u00f3 r\u00e9szv\u00e9tel\u00fcket.<\/p>\n<p><span style=\"background-color: #ffff00;\"><a href=\"http:\/\/balazsivan.hu\/wp-content\/uploads\/2020\/07\/Piackutat\u00e1si-eredm\u00e9nyek-Bal\u00e1zs-Iv\u00e1n.pdf\" target=\"_blank\" rel=\"noopener noreferrer\">A r\u00e9szletes eg\u00e9szs\u00e9gbiztos\u00edt\u00e1si piackutat\u00e1s let\u00f6lt\u00e9se<\/a><\/span><\/p>\n<p>&nbsp;<\/p>\n<p>Bal\u00e1zs Iv\u00e1n<\/p>\n<p>Eg\u00e9szs\u00e9gbiztos\u00edt\u00e1si szak\u00e9rt\u0151<\/p>\n","protected":false},"excerpt":{"rendered":"<p>Healthpass: online \u00e9s offline konferencia a tapasztalatmegoszt\u00e1s \u00e9s a felk\u00e9sz\u00fcl\u00e9s jegy\u00e9ben 50 f\u0151 feletti l\u00e9tsz\u00e1mmal rendelkez\u0151 v\u00e1llalatok HR vezet\u0151it k\u00e9rdeztem arr\u00f3l, hogy az elm\u00falt id\u0151szakban mennyire \u00e9rintette \u0151ket a pand\u00e9mi\u00e1s helyzet, illetve az eg\u00e9szs\u00e9gbiztos\u00edt\u00e1sok ter\u00fclet\u00e9n milyen tapasztalataik vannak. A r\u00e9szletes jelent\u00e9s a cikk v\u00e9g\u00e9n let\u00f6lthet\u0151. A v\u00edrushelyzet mindenkit megterhelt Gondolom, hogy senkit sem lep meg [&hellip;]<\/p>\n","protected":false},"author":5,"featured_media":1455,"comment_status":"closed","ping_status":"closed","sticky":false,"template":"","format":"standard","meta":[],"categories":[36,38,39],"tags":[41,46,50],"yoast_head":"<!-- This site is optimized with the Yoast SEO plugin v20.6 - https:\/\/yoast.com\/wordpress\/plugins\/seo\/ -->\n<title>Orsz\u00e1gos eg\u00e9szs\u00e9gbiztos\u00edt\u00e1si piackutat\u00e1si eredm\u00e9nyek - Bal\u00e1zs Iv\u00e1n - V\u00e1llalati eg\u00e9szs\u00e9gbiztos\u00edt\u00e1si szak\u00e9rt\u0151<\/title>\n<meta name=\"robots\" content=\"index, follow, max-snippet:-1, max-image-preview:large, max-video-preview:-1\" \/>\n<link rel=\"canonical\" href=\"http:\/\/balazsivan.hu\/en\/blog\/orszagos-egeszsegbiztositasi-piackutatasi-eredmenyek\/\" \/>\n<meta property=\"og:locale\" content=\"en_US\" \/>\n<meta property=\"og:type\" content=\"article\" \/>\n<meta property=\"og:title\" content=\"Orsz\u00e1gos eg\u00e9szs\u00e9gbiztos\u00edt\u00e1si piackutat\u00e1si eredm\u00e9nyek - Bal\u00e1zs Iv\u00e1n - V\u00e1llalati eg\u00e9szs\u00e9gbiztos\u00edt\u00e1si szak\u00e9rt\u0151\" \/>\n<meta property=\"og:description\" content=\"Healthpass: online \u00e9s offline konferencia a tapasztalatmegoszt\u00e1s \u00e9s a felk\u00e9sz\u00fcl\u00e9s jegy\u00e9ben 50 f\u0151 feletti l\u00e9tsz\u00e1mmal rendelkez\u0151 v\u00e1llalatok HR vezet\u0151it k\u00e9rdeztem arr\u00f3l, hogy az elm\u00falt id\u0151szakban mennyire \u00e9rintette \u0151ket a pand\u00e9mi\u00e1s helyzet, illetve az eg\u00e9szs\u00e9gbiztos\u00edt\u00e1sok ter\u00fclet\u00e9n milyen tapasztalataik vannak. A r\u00e9szletes jelent\u00e9s a cikk v\u00e9g\u00e9n let\u00f6lthet\u0151. A v\u00edrushelyzet mindenkit megterhelt Gondolom, hogy senkit sem lep meg [&hellip;]\" \/>\n<meta property=\"og:url\" content=\"http:\/\/balazsivan.hu\/en\/blog\/orszagos-egeszsegbiztositasi-piackutatasi-eredmenyek\/\" \/>\n<meta property=\"og:site_name\" content=\"Bal\u00e1zs Iv\u00e1n - V\u00e1llalati eg\u00e9szs\u00e9gbiztos\u00edt\u00e1si szak\u00e9rt\u0151\" \/>\n<meta property=\"article:publisher\" content=\"https:\/\/www.facebook.com\/balazsivan0\" \/>\n<meta property=\"article:published_time\" content=\"2020-07-27T13:39:41+00:00\" \/>\n<meta property=\"article:modified_time\" content=\"2023-02-13T17:17:09+00:00\" \/>\n<meta property=\"og:image\" content=\"https:\/\/balazsivan.hu\/wp-content\/uploads\/2020\/07\/4-2.jpg\" \/>\n\t<meta property=\"og:image:width\" content=\"1440\" \/>\n\t<meta property=\"og:image:height\" content=\"504\" \/>\n\t<meta property=\"og:image:type\" content=\"image\/jpeg\" \/>\n<meta name=\"author\" content=\"RBLMarketing\" \/>\n<meta name=\"twitter:card\" content=\"summary_large_image\" \/>\n<meta name=\"twitter:label1\" content=\"Written by\" \/>\n\t<meta name=\"twitter:data1\" content=\"RBLMarketing\" \/>\n\t<meta name=\"twitter:label2\" content=\"Est. reading time\" \/>\n\t<meta name=\"twitter:data2\" content=\"6 minutes\" \/>\n<script type=\"application\/ld+json\" class=\"yoast-schema-graph\">{\"@context\":\"https:\/\/schema.org\",\"@graph\":[{\"@type\":\"WebPage\",\"@id\":\"http:\/\/balazsivan.hu\/en\/blog\/orszagos-egeszsegbiztositasi-piackutatasi-eredmenyek\/\",\"url\":\"http:\/\/balazsivan.hu\/en\/blog\/orszagos-egeszsegbiztositasi-piackutatasi-eredmenyek\/\",\"name\":\"Orsz\u00e1gos eg\u00e9szs\u00e9gbiztos\u00edt\u00e1si piackutat\u00e1si eredm\u00e9nyek - Bal\u00e1zs Iv\u00e1n - V\u00e1llalati eg\u00e9szs\u00e9gbiztos\u00edt\u00e1si szak\u00e9rt\u0151\",\"isPartOf\":{\"@id\":\"https:\/\/balazsivan.hu\/en\/#website\"},\"datePublished\":\"2020-07-27T13:39:41+00:00\",\"dateModified\":\"2023-02-13T17:17:09+00:00\",\"author\":{\"@id\":\"https:\/\/balazsivan.hu\/en\/#\/schema\/person\/b641fa7aa2265e64c173d7f170e3aa80\"},\"breadcrumb\":{\"@id\":\"http:\/\/balazsivan.hu\/en\/blog\/orszagos-egeszsegbiztositasi-piackutatasi-eredmenyek\/#breadcrumb\"},\"inLanguage\":\"en-US\",\"potentialAction\":[{\"@type\":\"ReadAction\",\"target\":[\"http:\/\/balazsivan.hu\/en\/blog\/orszagos-egeszsegbiztositasi-piackutatasi-eredmenyek\/\"]}]},{\"@type\":\"BreadcrumbList\",\"@id\":\"http:\/\/balazsivan.hu\/en\/blog\/orszagos-egeszsegbiztositasi-piackutatasi-eredmenyek\/#breadcrumb\",\"itemListElement\":[{\"@type\":\"ListItem\",\"position\":1,\"name\":\"Home\",\"item\":\"https:\/\/balazsivan.hu\/en\/\"},{\"@type\":\"ListItem\",\"position\":2,\"name\":\"Orsz\u00e1gos eg\u00e9szs\u00e9gbiztos\u00edt\u00e1si piackutat\u00e1si eredm\u00e9nyek\"}]},{\"@type\":\"WebSite\",\"@id\":\"https:\/\/balazsivan.hu\/en\/#website\",\"url\":\"https:\/\/balazsivan.hu\/en\/\",\"name\":\"Bal\u00e1zs Iv\u00e1n - V\u00e1llalati eg\u00e9szs\u00e9gbiztos\u00edt\u00e1si szak\u00e9rt\u0151\",\"description\":\"V\u00e1llalati eg\u00e9szs\u00e9gbiztos\u00edt\u00e1si szak\u00e9rt\u0151\",\"potentialAction\":[{\"@type\":\"SearchAction\",\"target\":{\"@type\":\"EntryPoint\",\"urlTemplate\":\"https:\/\/balazsivan.hu\/en\/?s={search_term_string}\"},\"query-input\":\"required name=search_term_string\"}],\"inLanguage\":\"en-US\"},{\"@type\":\"Person\",\"@id\":\"https:\/\/balazsivan.hu\/en\/#\/schema\/person\/b641fa7aa2265e64c173d7f170e3aa80\",\"name\":\"RBLMarketing\",\"image\":{\"@type\":\"ImageObject\",\"inLanguage\":\"en-US\",\"@id\":\"https:\/\/balazsivan.hu\/en\/#\/schema\/person\/image\/\",\"url\":\"https:\/\/secure.gravatar.com\/avatar\/0252da4e558c110507f80812325fc8ef?s=96&d=mm&r=g\",\"contentUrl\":\"https:\/\/secure.gravatar.com\/avatar\/0252da4e558c110507f80812325fc8ef?s=96&d=mm&r=g\",\"caption\":\"RBLMarketing\"},\"url\":\"https:\/\/balazsivan.hu\/en\/author\/rblmarketing\/\"}]}<\/script>\n<!-- \/ Yoast SEO plugin. -->","yoast_head_json":{"title":"Orsz\u00e1gos eg\u00e9szs\u00e9gbiztos\u00edt\u00e1si piackutat\u00e1si eredm\u00e9nyek - Bal\u00e1zs Iv\u00e1n - V\u00e1llalati eg\u00e9szs\u00e9gbiztos\u00edt\u00e1si szak\u00e9rt\u0151","robots":{"index":"index","follow":"follow","max-snippet":"max-snippet:-1","max-image-preview":"max-image-preview:large","max-video-preview":"max-video-preview:-1"},"canonical":"http:\/\/balazsivan.hu\/en\/blog\/orszagos-egeszsegbiztositasi-piackutatasi-eredmenyek\/","og_locale":"en_US","og_type":"article","og_title":"Orsz\u00e1gos eg\u00e9szs\u00e9gbiztos\u00edt\u00e1si piackutat\u00e1si eredm\u00e9nyek - Bal\u00e1zs Iv\u00e1n - V\u00e1llalati eg\u00e9szs\u00e9gbiztos\u00edt\u00e1si szak\u00e9rt\u0151","og_description":"Healthpass: online \u00e9s offline konferencia a tapasztalatmegoszt\u00e1s \u00e9s a felk\u00e9sz\u00fcl\u00e9s jegy\u00e9ben 50 f\u0151 feletti l\u00e9tsz\u00e1mmal rendelkez\u0151 v\u00e1llalatok HR vezet\u0151it k\u00e9rdeztem arr\u00f3l, hogy az elm\u00falt id\u0151szakban mennyire \u00e9rintette \u0151ket a pand\u00e9mi\u00e1s helyzet, illetve az eg\u00e9szs\u00e9gbiztos\u00edt\u00e1sok ter\u00fclet\u00e9n milyen tapasztalataik vannak. A r\u00e9szletes jelent\u00e9s a cikk v\u00e9g\u00e9n let\u00f6lthet\u0151. A v\u00edrushelyzet mindenkit megterhelt Gondolom, hogy senkit sem lep meg [&hellip;]","og_url":"http:\/\/balazsivan.hu\/en\/blog\/orszagos-egeszsegbiztositasi-piackutatasi-eredmenyek\/","og_site_name":"Bal\u00e1zs Iv\u00e1n - V\u00e1llalati eg\u00e9szs\u00e9gbiztos\u00edt\u00e1si szak\u00e9rt\u0151","article_publisher":"https:\/\/www.facebook.com\/balazsivan0","article_published_time":"2020-07-27T13:39:41+00:00","article_modified_time":"2023-02-13T17:17:09+00:00","og_image":[{"width":1440,"height":504,"url":"https:\/\/balazsivan.hu\/wp-content\/uploads\/2020\/07\/4-2.jpg","type":"image\/jpeg"}],"author":"RBLMarketing","twitter_card":"summary_large_image","twitter_misc":{"Written by":"RBLMarketing","Est. reading time":"6 minutes"},"schema":{"@context":"https:\/\/schema.org","@graph":[{"@type":"WebPage","@id":"http:\/\/balazsivan.hu\/en\/blog\/orszagos-egeszsegbiztositasi-piackutatasi-eredmenyek\/","url":"http:\/\/balazsivan.hu\/en\/blog\/orszagos-egeszsegbiztositasi-piackutatasi-eredmenyek\/","name":"Orsz\u00e1gos eg\u00e9szs\u00e9gbiztos\u00edt\u00e1si piackutat\u00e1si eredm\u00e9nyek - Bal\u00e1zs Iv\u00e1n - V\u00e1llalati eg\u00e9szs\u00e9gbiztos\u00edt\u00e1si szak\u00e9rt\u0151","isPartOf":{"@id":"https:\/\/balazsivan.hu\/en\/#website"},"datePublished":"2020-07-27T13:39:41+00:00","dateModified":"2023-02-13T17:17:09+00:00","author":{"@id":"https:\/\/balazsivan.hu\/en\/#\/schema\/person\/b641fa7aa2265e64c173d7f170e3aa80"},"breadcrumb":{"@id":"http:\/\/balazsivan.hu\/en\/blog\/orszagos-egeszsegbiztositasi-piackutatasi-eredmenyek\/#breadcrumb"},"inLanguage":"en-US","potentialAction":[{"@type":"ReadAction","target":["http:\/\/balazsivan.hu\/en\/blog\/orszagos-egeszsegbiztositasi-piackutatasi-eredmenyek\/"]}]},{"@type":"BreadcrumbList","@id":"http:\/\/balazsivan.hu\/en\/blog\/orszagos-egeszsegbiztositasi-piackutatasi-eredmenyek\/#breadcrumb","itemListElement":[{"@type":"ListItem","position":1,"name":"Home","item":"https:\/\/balazsivan.hu\/en\/"},{"@type":"ListItem","position":2,"name":"Orsz\u00e1gos eg\u00e9szs\u00e9gbiztos\u00edt\u00e1si piackutat\u00e1si eredm\u00e9nyek"}]},{"@type":"WebSite","@id":"https:\/\/balazsivan.hu\/en\/#website","url":"https:\/\/balazsivan.hu\/en\/","name":"Bal\u00e1zs Iv\u00e1n - V\u00e1llalati eg\u00e9szs\u00e9gbiztos\u00edt\u00e1si szak\u00e9rt\u0151","description":"V\u00e1llalati eg\u00e9szs\u00e9gbiztos\u00edt\u00e1si szak\u00e9rt\u0151","potentialAction":[{"@type":"SearchAction","target":{"@type":"EntryPoint","urlTemplate":"https:\/\/balazsivan.hu\/en\/?s={search_term_string}"},"query-input":"required name=search_term_string"}],"inLanguage":"en-US"},{"@type":"Person","@id":"https:\/\/balazsivan.hu\/en\/#\/schema\/person\/b641fa7aa2265e64c173d7f170e3aa80","name":"RBLMarketing","image":{"@type":"ImageObject","inLanguage":"en-US","@id":"https:\/\/balazsivan.hu\/en\/#\/schema\/person\/image\/","url":"https:\/\/secure.gravatar.com\/avatar\/0252da4e558c110507f80812325fc8ef?s=96&d=mm&r=g","contentUrl":"https:\/\/secure.gravatar.com\/avatar\/0252da4e558c110507f80812325fc8ef?s=96&d=mm&r=g","caption":"RBLMarketing"},"url":"https:\/\/balazsivan.hu\/en\/author\/rblmarketing\/"}]}},"_links":{"self":[{"href":"https:\/\/balazsivan.hu\/en\/wp-json\/wp\/v2\/posts\/1532"}],"collection":[{"href":"https:\/\/balazsivan.hu\/en\/wp-json\/wp\/v2\/posts"}],"about":[{"href":"https:\/\/balazsivan.hu\/en\/wp-json\/wp\/v2\/types\/post"}],"author":[{"embeddable":true,"href":"https:\/\/balazsivan.hu\/en\/wp-json\/wp\/v2\/users\/5"}],"replies":[{"embeddable":true,"href":"https:\/\/balazsivan.hu\/en\/wp-json\/wp\/v2\/comments?post=1532"}],"version-history":[{"count":1,"href":"https:\/\/balazsivan.hu\/en\/wp-json\/wp\/v2\/posts\/1532\/revisions"}],"predecessor-version":[{"id":1547,"href":"https:\/\/balazsivan.hu\/en\/wp-json\/wp\/v2\/posts\/1532\/revisions\/1547"}],"wp:featuredmedia":[{"embeddable":true,"href":"https:\/\/balazsivan.hu\/en\/wp-json\/wp\/v2\/media\/1455"}],"wp:attachment":[{"href":"https:\/\/balazsivan.hu\/en\/wp-json\/wp\/v2\/media?parent=1532"}],"wp:term":[{"taxonomy":"category","embeddable":true,"href":"https:\/\/balazsivan.hu\/en\/wp-json\/wp\/v2\/categories?post=1532"},{"taxonomy":"post_tag","embeddable":true,"href":"https:\/\/balazsivan.hu\/en\/wp-json\/wp\/v2\/tags?post=1532"}],"curies":[{"name":"wp","href":"https:\/\/api.w.org\/{rel}","templated":true}]}}