{"id":1531,"date":"2020-07-31T14:23:37","date_gmt":"2020-07-31T14:23:37","guid":{"rendered":"https:\/\/balazsivan.hu\/hogyan-keszuljunk-fel-egy-masodik-hullamra-maganemberkent-vagy-cegkent\/"},"modified":"2024-03-13T09:25:09","modified_gmt":"2024-03-13T09:25:09","slug":"hogyan-keszuljunk-fel-egy-masodik-hullamra-maganemberkent-vagy-cegkent","status":"publish","type":"post","link":"http:\/\/balazsivan.hu\/en\/blog\/hogyan-keszuljunk-fel-egy-masodik-hullamra-maganemberkent-vagy-cegkent\/","title":{"rendered":"Hogyan k\u00e9sz\u00fclj\u00fcnk fel egy m\u00e1sodik hull\u00e1mra mag\u00e1nemberk\u00e9nt, vagy c\u00e9gk\u00e9nt?"},"content":{"rendered":"<p>Amikor m\u00e1r azt hitt\u00fck, hogy v\u00e9gre v\u00e9get \u00e9rt a karant\u00e9n, \u00e9s ism\u00e9t visszat\u00e9rhet\u00fcnk a megszokott ker\u00e9kv\u00e1g\u00e1sba, egy \u00fajabb j\u00e1rv\u00e1nyhull\u00e1m vesz\u00e9lye fenyeget, bizonytalans\u00e1gban tartva mag\u00e1nembereket, c\u00e9gvezet\u0151ket.<\/p>\n<p>&nbsp;<\/p>\n<h3>Mit tehet\u00fcnk a v\u00edrushelyzet elker\u00fcl\u00e9se \u00e9rdek\u00e9ben?<\/h3>\n<p>Azon t\u00fal, hogy betartjuk az alapvet\u0151 higi\u00e9ni\u00e1s aj\u00e1nl\u00e1sokat, a legokosabb, amit tehet\u00fcnk, ha az eddigi tapasztalatokat feldolgozva <span style=\"text-decoration: underline;\"><strong>felk\u00e9sz\u00fcl\u00fcnk r\u00e1.<\/strong><\/span> Arra, ami m\u00e1rciusban m\u00e9g lesokkolt mindenkit.<\/p>\n<p>&nbsp;<\/p>\n<p><strong>Healthpass: online \u00e9s offline konferencia a tapasztalatmegoszt\u00e1s \u00e9s a felk\u00e9sz\u00fcl\u00e9s jegy\u00e9ben<\/strong><\/p>\n<p>Pontosan ez\u00e9rt szervezt\u00fck meg ezt a konferenci\u00e1t.<\/p>\n<p>K\u00f6zel <a href=\"https:\/\/healthpass.hu\/?utm_source=blog&amp;utm_medium=textlink&amp;utm_term=balazs-ivan-blog&amp;utm_content=balazs-ivan-blog&amp;utm_campaign=balazs-ivan-blog-healthpass\" target=\"_blank\" rel=\"noopener\">30 el\u0151ad\u00f3, volt eg\u00e9szs\u00e9g\u00fcgyi miniszter, orvos, biol\u00f3gus, HR vezet\u0151, tan\u00e1csad\u00f3<\/a>, \u00e9s k\u00f6zt\u00fck \u00e9n, mint eg\u00e9szs\u00e9gbiztos\u00edt\u00e1si szak\u00e9rt\u0151, osztja meg tapasztalatait a r\u00e9sztvev\u0151kkel, \u00e9s mutat be j\u00f3gyakorlatokat, amivel a m\u00e1sodik hull\u00e1m k\u00f6nnyebben \u00e1tv\u00e9szelhet\u0151 lesz, ami l\u00e9tk\u00e9rd\u00e9s c\u00e9geknek, mag\u00e1nembereknek egyar\u00e1nt.<\/p>\n<p>A konferencia 2 napos, 08.25-\u00e9n \u00e9s 26-\u00e1n ker\u00fcl megrendez\u00e9sre, \u00e9s r\u00e9szt lehet venni online \u00e9s offline form\u00e1ban is.<\/p>\n<p>\u00d6n 20% kedvezm\u00e9nyre jogosult ezzel a kuponk\u00f3ddal: BI20<\/p>\n<p>A r\u00e9szletes programot, az el\u0151ad\u00f3k list\u00e1j\u00e1t, \u00e9s a r\u00e9szv\u00e9tel felt\u00e9teleit megtekintheti az esem\u00e9ny weboldal\u00e1n: <a href=\"https:\/\/healthpass.hu\/?utm_source=blog&amp;utm_medium=textlink&amp;utm_term=balazs-ivan-blog&amp;utm_content=balazs-ivan-blog&amp;utm_campaign=balazs-ivan-blog-healthpass\" target=\"_blank\" rel=\"noopener\"><strong>Healthpass: Megval\u00f3s\u00edthat\u00f3 megold\u00e1sok k\u00e9t napban.<\/strong><\/a><\/p>\n<p><strong>\u00a0<\/strong><\/p>\n<p><strong>\u00a0<\/strong><\/p>\n<p>\u00dcdv\u00f6zlettel,<\/p>\n<p>Bal\u00e1zs Iv\u00e1n<\/p>\n<p>Eg\u00e9szs\u00e9gbiztos\u00edt\u00e1si szak\u00e9rt\u0151<\/p>\n<p>&nbsp;<\/p>\n","protected":false},"excerpt":{"rendered":"<p>Amikor m\u00e1r azt hitt\u00fck, hogy v\u00e9gre v\u00e9get \u00e9rt a karant\u00e9n, \u00e9s ism\u00e9t visszat\u00e9rhet\u00fcnk a megszokott ker\u00e9kv\u00e1g\u00e1sba, egy \u00fajabb j\u00e1rv\u00e1nyhull\u00e1m vesz\u00e9lye fenyeget, bizonytalans\u00e1gban tartva mag\u00e1nembereket, c\u00e9gvezet\u0151ket. &nbsp; Mit tehet\u00fcnk a v\u00edrushelyzet elker\u00fcl\u00e9se \u00e9rdek\u00e9ben? Azon t\u00fal, hogy betartjuk az alapvet\u0151 higi\u00e9ni\u00e1s aj\u00e1nl\u00e1sokat, a legokosabb, amit tehet\u00fcnk, ha az eddigi tapasztalatokat feldolgozva felk\u00e9sz\u00fcl\u00fcnk r\u00e1. Arra, ami m\u00e1rciusban m\u00e9g [&hellip;]<\/p>\n","protected":false},"author":5,"featured_media":1461,"comment_status":"closed","ping_status":"closed","sticky":false,"template":"","format":"standard","meta":[],"categories":[29],"tags":[47],"yoast_head":"<!-- This site is optimized with the Yoast SEO plugin v20.6 - https:\/\/yoast.com\/wordpress\/plugins\/seo\/ -->\n<title>Hogyan k\u00e9sz\u00fclj\u00fcnk fel egy m\u00e1sodik hull\u00e1mra mag\u00e1nemberk\u00e9nt, vagy c\u00e9gk\u00e9nt? - Bal\u00e1zs Iv\u00e1n - V\u00e1llalati eg\u00e9szs\u00e9gbiztos\u00edt\u00e1si szak\u00e9rt\u0151<\/title>\n<meta name=\"robots\" content=\"index, follow, max-snippet:-1, max-image-preview:large, max-video-preview:-1\" \/>\n<link rel=\"canonical\" href=\"http:\/\/balazsivan.hu\/en\/blog\/hogyan-keszuljunk-fel-egy-masodik-hullamra-maganemberkent-vagy-cegkent\/\" \/>\n<meta property=\"og:locale\" content=\"en_US\" \/>\n<meta property=\"og:type\" content=\"article\" \/>\n<meta property=\"og:title\" content=\"Hogyan k\u00e9sz\u00fclj\u00fcnk fel egy m\u00e1sodik hull\u00e1mra mag\u00e1nemberk\u00e9nt, vagy c\u00e9gk\u00e9nt? - Bal\u00e1zs Iv\u00e1n - V\u00e1llalati eg\u00e9szs\u00e9gbiztos\u00edt\u00e1si szak\u00e9rt\u0151\" \/>\n<meta property=\"og:description\" content=\"Amikor m\u00e1r azt hitt\u00fck, hogy v\u00e9gre v\u00e9get \u00e9rt a karant\u00e9n, \u00e9s ism\u00e9t visszat\u00e9rhet\u00fcnk a megszokott ker\u00e9kv\u00e1g\u00e1sba, egy \u00fajabb j\u00e1rv\u00e1nyhull\u00e1m vesz\u00e9lye fenyeget, bizonytalans\u00e1gban tartva mag\u00e1nembereket, c\u00e9gvezet\u0151ket. &nbsp; Mit tehet\u00fcnk a v\u00edrushelyzet elker\u00fcl\u00e9se \u00e9rdek\u00e9ben? Azon t\u00fal, hogy betartjuk az alapvet\u0151 higi\u00e9ni\u00e1s aj\u00e1nl\u00e1sokat, a legokosabb, amit tehet\u00fcnk, ha az eddigi tapasztalatokat feldolgozva felk\u00e9sz\u00fcl\u00fcnk r\u00e1. Arra, ami m\u00e1rciusban m\u00e9g [&hellip;]\" \/>\n<meta property=\"og:url\" content=\"http:\/\/balazsivan.hu\/en\/blog\/hogyan-keszuljunk-fel-egy-masodik-hullamra-maganemberkent-vagy-cegkent\/\" \/>\n<meta property=\"og:site_name\" content=\"Bal\u00e1zs Iv\u00e1n - V\u00e1llalati eg\u00e9szs\u00e9gbiztos\u00edt\u00e1si szak\u00e9rt\u0151\" \/>\n<meta property=\"article:publisher\" content=\"https:\/\/www.facebook.com\/balazsivan0\" \/>\n<meta property=\"article:published_time\" content=\"2020-07-31T14:23:37+00:00\" \/>\n<meta property=\"article:modified_time\" content=\"2024-03-13T09:25:09+00:00\" \/>\n<meta property=\"og:image\" content=\"https:\/\/balazsivan.hu\/wp-content\/uploads\/2020\/07\/healthpass.png\" \/>\n\t<meta property=\"og:image:width\" content=\"1200\" \/>\n\t<meta property=\"og:image:height\" content=\"628\" \/>\n\t<meta property=\"og:image:type\" content=\"image\/png\" \/>\n<meta name=\"author\" content=\"RBLMarketing\" \/>\n<meta name=\"twitter:card\" content=\"summary_large_image\" \/>\n<meta name=\"twitter:label1\" content=\"Written by\" \/>\n\t<meta name=\"twitter:data1\" content=\"RBLMarketing\" \/>\n\t<meta name=\"twitter:label2\" content=\"Est. reading time\" \/>\n\t<meta name=\"twitter:data2\" content=\"1 minute\" \/>\n<script type=\"application\/ld+json\" class=\"yoast-schema-graph\">{\"@context\":\"https:\/\/schema.org\",\"@graph\":[{\"@type\":\"WebPage\",\"@id\":\"http:\/\/balazsivan.hu\/en\/blog\/hogyan-keszuljunk-fel-egy-masodik-hullamra-maganemberkent-vagy-cegkent\/\",\"url\":\"http:\/\/balazsivan.hu\/en\/blog\/hogyan-keszuljunk-fel-egy-masodik-hullamra-maganemberkent-vagy-cegkent\/\",\"name\":\"Hogyan k\u00e9sz\u00fclj\u00fcnk fel egy m\u00e1sodik hull\u00e1mra mag\u00e1nemberk\u00e9nt, vagy c\u00e9gk\u00e9nt? - Bal\u00e1zs Iv\u00e1n - V\u00e1llalati eg\u00e9szs\u00e9gbiztos\u00edt\u00e1si szak\u00e9rt\u0151\",\"isPartOf\":{\"@id\":\"https:\/\/balazsivan.hu\/en\/#website\"},\"datePublished\":\"2020-07-31T14:23:37+00:00\",\"dateModified\":\"2024-03-13T09:25:09+00:00\",\"author\":{\"@id\":\"https:\/\/balazsivan.hu\/en\/#\/schema\/person\/b641fa7aa2265e64c173d7f170e3aa80\"},\"breadcrumb\":{\"@id\":\"http:\/\/balazsivan.hu\/en\/blog\/hogyan-keszuljunk-fel-egy-masodik-hullamra-maganemberkent-vagy-cegkent\/#breadcrumb\"},\"inLanguage\":\"en-US\",\"potentialAction\":[{\"@type\":\"ReadAction\",\"target\":[\"http:\/\/balazsivan.hu\/en\/blog\/hogyan-keszuljunk-fel-egy-masodik-hullamra-maganemberkent-vagy-cegkent\/\"]}]},{\"@type\":\"BreadcrumbList\",\"@id\":\"http:\/\/balazsivan.hu\/en\/blog\/hogyan-keszuljunk-fel-egy-masodik-hullamra-maganemberkent-vagy-cegkent\/#breadcrumb\",\"itemListElement\":[{\"@type\":\"ListItem\",\"position\":1,\"name\":\"Home\",\"item\":\"https:\/\/balazsivan.hu\/en\/\"},{\"@type\":\"ListItem\",\"position\":2,\"name\":\"Hogyan k\u00e9sz\u00fclj\u00fcnk fel egy m\u00e1sodik hull\u00e1mra mag\u00e1nemberk\u00e9nt, vagy c\u00e9gk\u00e9nt?\"}]},{\"@type\":\"WebSite\",\"@id\":\"https:\/\/balazsivan.hu\/en\/#website\",\"url\":\"https:\/\/balazsivan.hu\/en\/\",\"name\":\"Bal\u00e1zs Iv\u00e1n - V\u00e1llalati eg\u00e9szs\u00e9gbiztos\u00edt\u00e1si szak\u00e9rt\u0151\",\"description\":\"V\u00e1llalati eg\u00e9szs\u00e9gbiztos\u00edt\u00e1si szak\u00e9rt\u0151\",\"potentialAction\":[{\"@type\":\"SearchAction\",\"target\":{\"@type\":\"EntryPoint\",\"urlTemplate\":\"https:\/\/balazsivan.hu\/en\/?s={search_term_string}\"},\"query-input\":\"required name=search_term_string\"}],\"inLanguage\":\"en-US\"},{\"@type\":\"Person\",\"@id\":\"https:\/\/balazsivan.hu\/en\/#\/schema\/person\/b641fa7aa2265e64c173d7f170e3aa80\",\"name\":\"RBLMarketing\",\"image\":{\"@type\":\"ImageObject\",\"inLanguage\":\"en-US\",\"@id\":\"https:\/\/balazsivan.hu\/en\/#\/schema\/person\/image\/\",\"url\":\"https:\/\/secure.gravatar.com\/avatar\/0252da4e558c110507f80812325fc8ef?s=96&d=mm&r=g\",\"contentUrl\":\"https:\/\/secure.gravatar.com\/avatar\/0252da4e558c110507f80812325fc8ef?s=96&d=mm&r=g\",\"caption\":\"RBLMarketing\"},\"url\":\"https:\/\/balazsivan.hu\/en\/author\/rblmarketing\/\"}]}<\/script>\n<!-- \/ Yoast SEO plugin. -->","yoast_head_json":{"title":"Hogyan k\u00e9sz\u00fclj\u00fcnk fel egy m\u00e1sodik hull\u00e1mra mag\u00e1nemberk\u00e9nt, vagy c\u00e9gk\u00e9nt? - Bal\u00e1zs Iv\u00e1n - V\u00e1llalati eg\u00e9szs\u00e9gbiztos\u00edt\u00e1si szak\u00e9rt\u0151","robots":{"index":"index","follow":"follow","max-snippet":"max-snippet:-1","max-image-preview":"max-image-preview:large","max-video-preview":"max-video-preview:-1"},"canonical":"http:\/\/balazsivan.hu\/en\/blog\/hogyan-keszuljunk-fel-egy-masodik-hullamra-maganemberkent-vagy-cegkent\/","og_locale":"en_US","og_type":"article","og_title":"Hogyan k\u00e9sz\u00fclj\u00fcnk fel egy m\u00e1sodik hull\u00e1mra mag\u00e1nemberk\u00e9nt, vagy c\u00e9gk\u00e9nt? - Bal\u00e1zs Iv\u00e1n - V\u00e1llalati eg\u00e9szs\u00e9gbiztos\u00edt\u00e1si szak\u00e9rt\u0151","og_description":"Amikor m\u00e1r azt hitt\u00fck, hogy v\u00e9gre v\u00e9get \u00e9rt a karant\u00e9n, \u00e9s ism\u00e9t visszat\u00e9rhet\u00fcnk a megszokott ker\u00e9kv\u00e1g\u00e1sba, egy \u00fajabb j\u00e1rv\u00e1nyhull\u00e1m vesz\u00e9lye fenyeget, bizonytalans\u00e1gban tartva mag\u00e1nembereket, c\u00e9gvezet\u0151ket. &nbsp; Mit tehet\u00fcnk a v\u00edrushelyzet elker\u00fcl\u00e9se \u00e9rdek\u00e9ben? Azon t\u00fal, hogy betartjuk az alapvet\u0151 higi\u00e9ni\u00e1s aj\u00e1nl\u00e1sokat, a legokosabb, amit tehet\u00fcnk, ha az eddigi tapasztalatokat feldolgozva felk\u00e9sz\u00fcl\u00fcnk r\u00e1. Arra, ami m\u00e1rciusban m\u00e9g [&hellip;]","og_url":"http:\/\/balazsivan.hu\/en\/blog\/hogyan-keszuljunk-fel-egy-masodik-hullamra-maganemberkent-vagy-cegkent\/","og_site_name":"Bal\u00e1zs Iv\u00e1n - V\u00e1llalati eg\u00e9szs\u00e9gbiztos\u00edt\u00e1si szak\u00e9rt\u0151","article_publisher":"https:\/\/www.facebook.com\/balazsivan0","article_published_time":"2020-07-31T14:23:37+00:00","article_modified_time":"2024-03-13T09:25:09+00:00","og_image":[{"width":1200,"height":628,"url":"https:\/\/balazsivan.hu\/wp-content\/uploads\/2020\/07\/healthpass.png","type":"image\/png"}],"author":"RBLMarketing","twitter_card":"summary_large_image","twitter_misc":{"Written by":"RBLMarketing","Est. reading time":"1 minute"},"schema":{"@context":"https:\/\/schema.org","@graph":[{"@type":"WebPage","@id":"http:\/\/balazsivan.hu\/en\/blog\/hogyan-keszuljunk-fel-egy-masodik-hullamra-maganemberkent-vagy-cegkent\/","url":"http:\/\/balazsivan.hu\/en\/blog\/hogyan-keszuljunk-fel-egy-masodik-hullamra-maganemberkent-vagy-cegkent\/","name":"Hogyan k\u00e9sz\u00fclj\u00fcnk fel egy m\u00e1sodik hull\u00e1mra mag\u00e1nemberk\u00e9nt, vagy c\u00e9gk\u00e9nt? - Bal\u00e1zs Iv\u00e1n - V\u00e1llalati eg\u00e9szs\u00e9gbiztos\u00edt\u00e1si szak\u00e9rt\u0151","isPartOf":{"@id":"https:\/\/balazsivan.hu\/en\/#website"},"datePublished":"2020-07-31T14:23:37+00:00","dateModified":"2024-03-13T09:25:09+00:00","author":{"@id":"https:\/\/balazsivan.hu\/en\/#\/schema\/person\/b641fa7aa2265e64c173d7f170e3aa80"},"breadcrumb":{"@id":"http:\/\/balazsivan.hu\/en\/blog\/hogyan-keszuljunk-fel-egy-masodik-hullamra-maganemberkent-vagy-cegkent\/#breadcrumb"},"inLanguage":"en-US","potentialAction":[{"@type":"ReadAction","target":["http:\/\/balazsivan.hu\/en\/blog\/hogyan-keszuljunk-fel-egy-masodik-hullamra-maganemberkent-vagy-cegkent\/"]}]},{"@type":"BreadcrumbList","@id":"http:\/\/balazsivan.hu\/en\/blog\/hogyan-keszuljunk-fel-egy-masodik-hullamra-maganemberkent-vagy-cegkent\/#breadcrumb","itemListElement":[{"@type":"ListItem","position":1,"name":"Home","item":"https:\/\/balazsivan.hu\/en\/"},{"@type":"ListItem","position":2,"name":"Hogyan k\u00e9sz\u00fclj\u00fcnk fel egy m\u00e1sodik hull\u00e1mra mag\u00e1nemberk\u00e9nt, vagy c\u00e9gk\u00e9nt?"}]},{"@type":"WebSite","@id":"https:\/\/balazsivan.hu\/en\/#website","url":"https:\/\/balazsivan.hu\/en\/","name":"Bal\u00e1zs Iv\u00e1n - V\u00e1llalati eg\u00e9szs\u00e9gbiztos\u00edt\u00e1si szak\u00e9rt\u0151","description":"V\u00e1llalati eg\u00e9szs\u00e9gbiztos\u00edt\u00e1si szak\u00e9rt\u0151","potentialAction":[{"@type":"SearchAction","target":{"@type":"EntryPoint","urlTemplate":"https:\/\/balazsivan.hu\/en\/?s={search_term_string}"},"query-input":"required name=search_term_string"}],"inLanguage":"en-US"},{"@type":"Person","@id":"https:\/\/balazsivan.hu\/en\/#\/schema\/person\/b641fa7aa2265e64c173d7f170e3aa80","name":"RBLMarketing","image":{"@type":"ImageObject","inLanguage":"en-US","@id":"https:\/\/balazsivan.hu\/en\/#\/schema\/person\/image\/","url":"https:\/\/secure.gravatar.com\/avatar\/0252da4e558c110507f80812325fc8ef?s=96&d=mm&r=g","contentUrl":"https:\/\/secure.gravatar.com\/avatar\/0252da4e558c110507f80812325fc8ef?s=96&d=mm&r=g","caption":"RBLMarketing"},"url":"https:\/\/balazsivan.hu\/en\/author\/rblmarketing\/"}]}},"_links":{"self":[{"href":"https:\/\/balazsivan.hu\/en\/wp-json\/wp\/v2\/posts\/1531"}],"collection":[{"href":"https:\/\/balazsivan.hu\/en\/wp-json\/wp\/v2\/posts"}],"about":[{"href":"https:\/\/balazsivan.hu\/en\/wp-json\/wp\/v2\/types\/post"}],"author":[{"embeddable":true,"href":"https:\/\/balazsivan.hu\/en\/wp-json\/wp\/v2\/users\/5"}],"replies":[{"embeddable":true,"href":"https:\/\/balazsivan.hu\/en\/wp-json\/wp\/v2\/comments?post=1531"}],"version-history":[{"count":2,"href":"https:\/\/balazsivan.hu\/en\/wp-json\/wp\/v2\/posts\/1531\/revisions"}],"predecessor-version":[{"id":2146,"href":"https:\/\/balazsivan.hu\/en\/wp-json\/wp\/v2\/posts\/1531\/revisions\/2146"}],"wp:featuredmedia":[{"embeddable":true,"href":"https:\/\/balazsivan.hu\/en\/wp-json\/wp\/v2\/media\/1461"}],"wp:attachment":[{"href":"https:\/\/balazsivan.hu\/en\/wp-json\/wp\/v2\/media?parent=1531"}],"wp:term":[{"taxonomy":"category","embeddable":true,"href":"https:\/\/balazsivan.hu\/en\/wp-json\/wp\/v2\/categories?post=1531"},{"taxonomy":"post_tag","embeddable":true,"href":"https:\/\/balazsivan.hu\/en\/wp-json\/wp\/v2\/tags?post=1531"}],"curies":[{"name":"wp","href":"https:\/\/api.w.org\/{rel}","templated":true}]}}