{"id":1529,"date":"2020-08-16T20:39:22","date_gmt":"2020-08-16T20:39:22","guid":{"rendered":"https:\/\/balazsivan.hu\/a-mannafm-vendege-voltam-a-tema-az-egeszsegbiztositas-podcast\/"},"modified":"2023-02-13T17:17:03","modified_gmt":"2023-02-13T17:17:03","slug":"a-mannafm-vendege-voltam-a-tema-az-egeszsegbiztositas-podcast","status":"publish","type":"post","link":"http:\/\/balazsivan.hu\/en\/blog\/a-mannafm-vendege-voltam-a-tema-az-egeszsegbiztositas-podcast\/","title":{"rendered":"A MannaFM vend\u00e9ge voltam, a t\u00e9ma az eg\u00e9szs\u00e9gbiztos\u00edt\u00e1s (podcast)"},"content":{"rendered":"<p>Tegnap (szombaton 08.15-\u00e9n) ism\u00e9t a Manna FM vend\u00e9ge voltam, a t\u00e9ma az eg\u00e9szs\u00e9gbiztos\u00edt\u00e1s volt.<\/p>\n<p>Ferencz Gabival olyan k\u00e9rd\u00e9sekr\u0151l besz\u00e9lgett\u00fcnk, mint<\/p>\n<ul>\n<li>mi a k\u00fcl\u00f6nbs\u00e9g az eg\u00e9szs\u00e9gp\u00e9nzt\u00e1r \u00e9s az eg\u00e9szs\u00e9gbiztos\u00edt\u00e1s k\u00f6z\u00f6tt?<\/li>\n<li>mi\u00e9rt nevezzem \u00e9n az eg\u00e9szs\u00e9gbiztos\u00edt\u00e1st \u201eember casconak?<\/li>\n<li>a t\u00f6bbs\u00e9gnek mikor jut esz\u00e9be, hogy eg\u00e9szs\u00e9gbiztos\u00edt\u00e1st k\u00f6ss\u00f6n?<\/li>\n<li>milyen el\u0151nyei vannak az eg\u00e9szs\u00e9gbiztos\u00edt\u00e1snak?<\/li>\n<li>mi a p\u00e1rhuzam van a nyugd\u00edj \u00e9s az eg\u00e9szs\u00e9gbiztos\u00edt\u00e1s k\u00f6z\u00f6tt?<\/li>\n<li>mennyi\u00e9rt lehet eg\u00e9szs\u00e9gbiztos\u00edt\u00e1st k\u00f6tni, mi\u00e9rt van ekkora k\u00fcl\u00f6nbs\u00e9g a legolcs\u00f3bb nyolcvan valah\u00e1ny forintos \u00e9s a legdr\u00e1g\u00e1bb, t\u00f6bb sz\u00e1zezres szolg\u00e1ltat\u00e1s k\u00f6z\u00f6tt?<\/li>\n<li>kik az eg\u00e9szs\u00e9gbiztos\u00edt\u00e1s szerepl\u0151i?<\/li>\n<li>a koronav\u00edrus-j\u00e1rv\u00e1ny milyen v\u00e1ltoz\u00e1sokat hozott az eg\u00e9szs\u00e9gbiztos\u00edt\u00e1si szolg\u00e1ltat\u00e1sokban?<\/li>\n<li>milyen szempontok alapj\u00e1n v\u00e1laszunk eg\u00e9szs\u00e9gbiztos\u00edt\u00e1si szolg\u00e1ltat\u00f3t, mi\u00e9rt nem j\u00f3, ha csak az \u00e1r alapj\u00e1n d\u00f6nt\u00fcnk?<\/li>\n<li>mi\u00e9rt, \u00e9s kinek aj\u00e1nlom a <a href=\"https:\/\/dokitokosan.hu\/?utm_source=blog&amp;utm_medium=textlink&amp;utm_term=balazs-ivan-blog&amp;utm_content=balazs-ivan-blog&amp;utm_campaign=balazs-ivan-blog-mannafm\" target=\"_blank\" rel=\"noopener noreferrer\">dokitokosan.hu<\/a> oldalt?<\/li>\n<\/ul>\n<p>&nbsp;<\/p>\n<p>Term\u00e9szetesen sz\u00f3ba ker\u00fclt az augusztus 25, 26-\u00e1n megrendez\u00e9sre ker\u00fcl\u0151 HealtPass konferencia is, amire kedvezm\u00e9nnyel tudsz jegyet v\u00e1s\u00e1rolni, ha haszn\u00e1lod a BI20 kupon k\u00f3dot. Program \u00e9s jegyv\u00e1s\u00e1rl\u00e1s: <a href=\"https:\/\/healthpass.hu\/?utm_source=blog&amp;utm_medium=textlink&amp;utm_term=balazs-ivan-blog&amp;utm_content=balazs-ivan-blog&amp;utm_campaign=balazs-ivan-blog-mannafm\" target=\"_blank\" rel=\"noopener noreferrer\">Healthpass<\/a><\/p>\n<p>&nbsp;<\/p>\n<p><strong>Hallgasd meg a besz\u00e9lget\u00e9st:<\/strong><\/p>\n<p><iframe loading=\"lazy\" src=\"https:\/\/w.soundcloud.com\/player\/?url=https%3A\/\/api.soundcloud.com\/tracks\/876268357&amp;color=%23ff5500&amp;auto_play=false&amp;hide_related=false&amp;show_comments=true&amp;show_user=true&amp;show_reposts=false&amp;show_teaser=true&amp;visual=true\" width=\"100%\" height=\"300\" frameborder=\"no\" scrolling=\"no\"><\/iframe><\/p>\n<div style=\"font-size: 10px; color: #cccccc; line-break: anywhere; word-break: normal; overflow: hidden; white-space: nowrap; text-overflow: ellipsis; font-family: Interstate,Lucida Grande,Lucida Sans Unicode,Lucida Sans,Garuda,Verdana,Tahoma,sans-serif; font-weight: 100;\"><a style=\"color: #cccccc; text-decoration: none;\" title=\"Manna FM 98.6\" href=\"https:\/\/soundcloud.com\/mannafm\" target=\"_blank\" rel=\"noopener noreferrer\">Manna FM 98.6<\/a> \u00b7 <a style=\"color: #cccccc; text-decoration: none;\" title=\"Bal\u00e1zs Iv\u00e1n, Eg\u00e9szs\u00e9gbiztos\u00edt\u00e1s - Csal\u00e1di Manna 2020. 08. 15.\" href=\"https:\/\/soundcloud.com\/mannafm\/balazs-ivan-egeszsegbiztositas-csaladi-manna-2020-08-15\" target=\"_blank\" rel=\"noopener noreferrer\">Bal\u00e1zs Iv\u00e1n, Eg\u00e9szs\u00e9gbiztos\u00edt\u00e1s &#8211; Csal\u00e1di Manna 2020. 08. 15.<\/a><\/div>\n","protected":false},"excerpt":{"rendered":"<p>Tegnap (szombaton 08.15-\u00e9n) ism\u00e9t a Manna FM vend\u00e9ge voltam, a t\u00e9ma az eg\u00e9szs\u00e9gbiztos\u00edt\u00e1s volt. Ferencz Gabival olyan k\u00e9rd\u00e9sekr\u0151l besz\u00e9lgett\u00fcnk, mint mi a k\u00fcl\u00f6nbs\u00e9g az eg\u00e9szs\u00e9gp\u00e9nzt\u00e1r \u00e9s az eg\u00e9szs\u00e9gbiztos\u00edt\u00e1s k\u00f6z\u00f6tt? mi\u00e9rt nevezzem \u00e9n az eg\u00e9szs\u00e9gbiztos\u00edt\u00e1st \u201eember casconak? a t\u00f6bbs\u00e9gnek mikor jut esz\u00e9be, hogy eg\u00e9szs\u00e9gbiztos\u00edt\u00e1st k\u00f6ss\u00f6n? milyen el\u0151nyei vannak az eg\u00e9szs\u00e9gbiztos\u00edt\u00e1snak? mi a p\u00e1rhuzam van a nyugd\u00edj [&hellip;]<\/p>\n","protected":false},"author":5,"featured_media":1462,"comment_status":"closed","ping_status":"closed","sticky":false,"template":"","format":"standard","meta":[],"categories":[36,39],"tags":[41,43,44,49,48],"yoast_head":"<!-- This site is optimized with the Yoast SEO plugin v20.6 - https:\/\/yoast.com\/wordpress\/plugins\/seo\/ -->\n<title>A MannaFM vend\u00e9ge voltam, a t\u00e9ma az eg\u00e9szs\u00e9gbiztos\u00edt\u00e1s (podcast) - Bal\u00e1zs Iv\u00e1n - V\u00e1llalati eg\u00e9szs\u00e9gbiztos\u00edt\u00e1si szak\u00e9rt\u0151<\/title>\n<meta name=\"robots\" content=\"index, follow, max-snippet:-1, max-image-preview:large, max-video-preview:-1\" \/>\n<link rel=\"canonical\" href=\"http:\/\/balazsivan.hu\/en\/blog\/a-mannafm-vendege-voltam-a-tema-az-egeszsegbiztositas-podcast\/\" \/>\n<meta property=\"og:locale\" content=\"en_US\" \/>\n<meta property=\"og:type\" content=\"article\" \/>\n<meta property=\"og:title\" content=\"A MannaFM vend\u00e9ge voltam, a t\u00e9ma az eg\u00e9szs\u00e9gbiztos\u00edt\u00e1s (podcast) - Bal\u00e1zs Iv\u00e1n - V\u00e1llalati eg\u00e9szs\u00e9gbiztos\u00edt\u00e1si szak\u00e9rt\u0151\" \/>\n<meta property=\"og:description\" content=\"Tegnap (szombaton 08.15-\u00e9n) ism\u00e9t a Manna FM vend\u00e9ge voltam, a t\u00e9ma az eg\u00e9szs\u00e9gbiztos\u00edt\u00e1s volt. Ferencz Gabival olyan k\u00e9rd\u00e9sekr\u0151l besz\u00e9lgett\u00fcnk, mint mi a k\u00fcl\u00f6nbs\u00e9g az eg\u00e9szs\u00e9gp\u00e9nzt\u00e1r \u00e9s az eg\u00e9szs\u00e9gbiztos\u00edt\u00e1s k\u00f6z\u00f6tt? mi\u00e9rt nevezzem \u00e9n az eg\u00e9szs\u00e9gbiztos\u00edt\u00e1st \u201eember casconak? a t\u00f6bbs\u00e9gnek mikor jut esz\u00e9be, hogy eg\u00e9szs\u00e9gbiztos\u00edt\u00e1st k\u00f6ss\u00f6n? milyen el\u0151nyei vannak az eg\u00e9szs\u00e9gbiztos\u00edt\u00e1snak? mi a p\u00e1rhuzam van a nyugd\u00edj [&hellip;]\" \/>\n<meta property=\"og:url\" content=\"http:\/\/balazsivan.hu\/en\/blog\/a-mannafm-vendege-voltam-a-tema-az-egeszsegbiztositas-podcast\/\" \/>\n<meta property=\"og:site_name\" content=\"Bal\u00e1zs Iv\u00e1n - V\u00e1llalati eg\u00e9szs\u00e9gbiztos\u00edt\u00e1si szak\u00e9rt\u0151\" \/>\n<meta property=\"article:publisher\" content=\"https:\/\/www.facebook.com\/balazsivan0\" \/>\n<meta property=\"article:published_time\" content=\"2020-08-16T20:39:22+00:00\" \/>\n<meta property=\"article:modified_time\" content=\"2023-02-13T17:17:03+00:00\" \/>\n<meta property=\"og:image\" content=\"https:\/\/balazsivan.hu\/wp-content\/uploads\/2020\/08\/IMG_9045-1030x773.jpg\" \/>\n\t<meta property=\"og:image:width\" content=\"1030\" \/>\n\t<meta property=\"og:image:height\" content=\"773\" \/>\n\t<meta property=\"og:image:type\" content=\"image\/jpeg\" \/>\n<meta name=\"author\" content=\"RBLMarketing\" \/>\n<meta name=\"twitter:card\" content=\"summary_large_image\" \/>\n<meta name=\"twitter:label1\" content=\"Written by\" \/>\n\t<meta name=\"twitter:data1\" content=\"RBLMarketing\" \/>\n\t<meta name=\"twitter:label2\" content=\"Est. reading time\" \/>\n\t<meta name=\"twitter:data2\" content=\"1 minute\" \/>\n<script type=\"application\/ld+json\" class=\"yoast-schema-graph\">{\"@context\":\"https:\/\/schema.org\",\"@graph\":[{\"@type\":\"WebPage\",\"@id\":\"http:\/\/balazsivan.hu\/en\/blog\/a-mannafm-vendege-voltam-a-tema-az-egeszsegbiztositas-podcast\/\",\"url\":\"http:\/\/balazsivan.hu\/en\/blog\/a-mannafm-vendege-voltam-a-tema-az-egeszsegbiztositas-podcast\/\",\"name\":\"A MannaFM vend\u00e9ge voltam, a t\u00e9ma az eg\u00e9szs\u00e9gbiztos\u00edt\u00e1s (podcast) - Bal\u00e1zs Iv\u00e1n - V\u00e1llalati eg\u00e9szs\u00e9gbiztos\u00edt\u00e1si szak\u00e9rt\u0151\",\"isPartOf\":{\"@id\":\"https:\/\/balazsivan.hu\/en\/#website\"},\"datePublished\":\"2020-08-16T20:39:22+00:00\",\"dateModified\":\"2023-02-13T17:17:03+00:00\",\"author\":{\"@id\":\"https:\/\/balazsivan.hu\/en\/#\/schema\/person\/b641fa7aa2265e64c173d7f170e3aa80\"},\"breadcrumb\":{\"@id\":\"http:\/\/balazsivan.hu\/en\/blog\/a-mannafm-vendege-voltam-a-tema-az-egeszsegbiztositas-podcast\/#breadcrumb\"},\"inLanguage\":\"en-US\",\"potentialAction\":[{\"@type\":\"ReadAction\",\"target\":[\"http:\/\/balazsivan.hu\/en\/blog\/a-mannafm-vendege-voltam-a-tema-az-egeszsegbiztositas-podcast\/\"]}]},{\"@type\":\"BreadcrumbList\",\"@id\":\"http:\/\/balazsivan.hu\/en\/blog\/a-mannafm-vendege-voltam-a-tema-az-egeszsegbiztositas-podcast\/#breadcrumb\",\"itemListElement\":[{\"@type\":\"ListItem\",\"position\":1,\"name\":\"Home\",\"item\":\"https:\/\/balazsivan.hu\/en\/\"},{\"@type\":\"ListItem\",\"position\":2,\"name\":\"A MannaFM vend\u00e9ge voltam, a t\u00e9ma az eg\u00e9szs\u00e9gbiztos\u00edt\u00e1s (podcast)\"}]},{\"@type\":\"WebSite\",\"@id\":\"https:\/\/balazsivan.hu\/en\/#website\",\"url\":\"https:\/\/balazsivan.hu\/en\/\",\"name\":\"Bal\u00e1zs Iv\u00e1n - V\u00e1llalati eg\u00e9szs\u00e9gbiztos\u00edt\u00e1si szak\u00e9rt\u0151\",\"description\":\"V\u00e1llalati eg\u00e9szs\u00e9gbiztos\u00edt\u00e1si szak\u00e9rt\u0151\",\"potentialAction\":[{\"@type\":\"SearchAction\",\"target\":{\"@type\":\"EntryPoint\",\"urlTemplate\":\"https:\/\/balazsivan.hu\/en\/?s={search_term_string}\"},\"query-input\":\"required name=search_term_string\"}],\"inLanguage\":\"en-US\"},{\"@type\":\"Person\",\"@id\":\"https:\/\/balazsivan.hu\/en\/#\/schema\/person\/b641fa7aa2265e64c173d7f170e3aa80\",\"name\":\"RBLMarketing\",\"image\":{\"@type\":\"ImageObject\",\"inLanguage\":\"en-US\",\"@id\":\"https:\/\/balazsivan.hu\/en\/#\/schema\/person\/image\/\",\"url\":\"https:\/\/secure.gravatar.com\/avatar\/0252da4e558c110507f80812325fc8ef?s=96&d=mm&r=g\",\"contentUrl\":\"https:\/\/secure.gravatar.com\/avatar\/0252da4e558c110507f80812325fc8ef?s=96&d=mm&r=g\",\"caption\":\"RBLMarketing\"},\"url\":\"https:\/\/balazsivan.hu\/en\/author\/rblmarketing\/\"}]}<\/script>\n<!-- \/ Yoast SEO plugin. -->","yoast_head_json":{"title":"A MannaFM vend\u00e9ge voltam, a t\u00e9ma az eg\u00e9szs\u00e9gbiztos\u00edt\u00e1s (podcast) - Bal\u00e1zs Iv\u00e1n - V\u00e1llalati eg\u00e9szs\u00e9gbiztos\u00edt\u00e1si szak\u00e9rt\u0151","robots":{"index":"index","follow":"follow","max-snippet":"max-snippet:-1","max-image-preview":"max-image-preview:large","max-video-preview":"max-video-preview:-1"},"canonical":"http:\/\/balazsivan.hu\/en\/blog\/a-mannafm-vendege-voltam-a-tema-az-egeszsegbiztositas-podcast\/","og_locale":"en_US","og_type":"article","og_title":"A MannaFM vend\u00e9ge voltam, a t\u00e9ma az eg\u00e9szs\u00e9gbiztos\u00edt\u00e1s (podcast) - Bal\u00e1zs Iv\u00e1n - V\u00e1llalati eg\u00e9szs\u00e9gbiztos\u00edt\u00e1si szak\u00e9rt\u0151","og_description":"Tegnap (szombaton 08.15-\u00e9n) ism\u00e9t a Manna FM vend\u00e9ge voltam, a t\u00e9ma az eg\u00e9szs\u00e9gbiztos\u00edt\u00e1s volt. Ferencz Gabival olyan k\u00e9rd\u00e9sekr\u0151l besz\u00e9lgett\u00fcnk, mint mi a k\u00fcl\u00f6nbs\u00e9g az eg\u00e9szs\u00e9gp\u00e9nzt\u00e1r \u00e9s az eg\u00e9szs\u00e9gbiztos\u00edt\u00e1s k\u00f6z\u00f6tt? mi\u00e9rt nevezzem \u00e9n az eg\u00e9szs\u00e9gbiztos\u00edt\u00e1st \u201eember casconak? a t\u00f6bbs\u00e9gnek mikor jut esz\u00e9be, hogy eg\u00e9szs\u00e9gbiztos\u00edt\u00e1st k\u00f6ss\u00f6n? milyen el\u0151nyei vannak az eg\u00e9szs\u00e9gbiztos\u00edt\u00e1snak? mi a p\u00e1rhuzam van a nyugd\u00edj [&hellip;]","og_url":"http:\/\/balazsivan.hu\/en\/blog\/a-mannafm-vendege-voltam-a-tema-az-egeszsegbiztositas-podcast\/","og_site_name":"Bal\u00e1zs Iv\u00e1n - V\u00e1llalati eg\u00e9szs\u00e9gbiztos\u00edt\u00e1si szak\u00e9rt\u0151","article_publisher":"https:\/\/www.facebook.com\/balazsivan0","article_published_time":"2020-08-16T20:39:22+00:00","article_modified_time":"2023-02-13T17:17:03+00:00","og_image":[{"width":1030,"height":773,"url":"https:\/\/balazsivan.hu\/wp-content\/uploads\/2020\/08\/IMG_9045-1030x773.jpg","type":"image\/jpeg"}],"author":"RBLMarketing","twitter_card":"summary_large_image","twitter_misc":{"Written by":"RBLMarketing","Est. reading time":"1 minute"},"schema":{"@context":"https:\/\/schema.org","@graph":[{"@type":"WebPage","@id":"http:\/\/balazsivan.hu\/en\/blog\/a-mannafm-vendege-voltam-a-tema-az-egeszsegbiztositas-podcast\/","url":"http:\/\/balazsivan.hu\/en\/blog\/a-mannafm-vendege-voltam-a-tema-az-egeszsegbiztositas-podcast\/","name":"A MannaFM vend\u00e9ge voltam, a t\u00e9ma az eg\u00e9szs\u00e9gbiztos\u00edt\u00e1s (podcast) - Bal\u00e1zs Iv\u00e1n - V\u00e1llalati eg\u00e9szs\u00e9gbiztos\u00edt\u00e1si szak\u00e9rt\u0151","isPartOf":{"@id":"https:\/\/balazsivan.hu\/en\/#website"},"datePublished":"2020-08-16T20:39:22+00:00","dateModified":"2023-02-13T17:17:03+00:00","author":{"@id":"https:\/\/balazsivan.hu\/en\/#\/schema\/person\/b641fa7aa2265e64c173d7f170e3aa80"},"breadcrumb":{"@id":"http:\/\/balazsivan.hu\/en\/blog\/a-mannafm-vendege-voltam-a-tema-az-egeszsegbiztositas-podcast\/#breadcrumb"},"inLanguage":"en-US","potentialAction":[{"@type":"ReadAction","target":["http:\/\/balazsivan.hu\/en\/blog\/a-mannafm-vendege-voltam-a-tema-az-egeszsegbiztositas-podcast\/"]}]},{"@type":"BreadcrumbList","@id":"http:\/\/balazsivan.hu\/en\/blog\/a-mannafm-vendege-voltam-a-tema-az-egeszsegbiztositas-podcast\/#breadcrumb","itemListElement":[{"@type":"ListItem","position":1,"name":"Home","item":"https:\/\/balazsivan.hu\/en\/"},{"@type":"ListItem","position":2,"name":"A MannaFM vend\u00e9ge voltam, a t\u00e9ma az eg\u00e9szs\u00e9gbiztos\u00edt\u00e1s (podcast)"}]},{"@type":"WebSite","@id":"https:\/\/balazsivan.hu\/en\/#website","url":"https:\/\/balazsivan.hu\/en\/","name":"Bal\u00e1zs Iv\u00e1n - V\u00e1llalati eg\u00e9szs\u00e9gbiztos\u00edt\u00e1si szak\u00e9rt\u0151","description":"V\u00e1llalati eg\u00e9szs\u00e9gbiztos\u00edt\u00e1si szak\u00e9rt\u0151","potentialAction":[{"@type":"SearchAction","target":{"@type":"EntryPoint","urlTemplate":"https:\/\/balazsivan.hu\/en\/?s={search_term_string}"},"query-input":"required name=search_term_string"}],"inLanguage":"en-US"},{"@type":"Person","@id":"https:\/\/balazsivan.hu\/en\/#\/schema\/person\/b641fa7aa2265e64c173d7f170e3aa80","name":"RBLMarketing","image":{"@type":"ImageObject","inLanguage":"en-US","@id":"https:\/\/balazsivan.hu\/en\/#\/schema\/person\/image\/","url":"https:\/\/secure.gravatar.com\/avatar\/0252da4e558c110507f80812325fc8ef?s=96&d=mm&r=g","contentUrl":"https:\/\/secure.gravatar.com\/avatar\/0252da4e558c110507f80812325fc8ef?s=96&d=mm&r=g","caption":"RBLMarketing"},"url":"https:\/\/balazsivan.hu\/en\/author\/rblmarketing\/"}]}},"_links":{"self":[{"href":"https:\/\/balazsivan.hu\/en\/wp-json\/wp\/v2\/posts\/1529"}],"collection":[{"href":"https:\/\/balazsivan.hu\/en\/wp-json\/wp\/v2\/posts"}],"about":[{"href":"https:\/\/balazsivan.hu\/en\/wp-json\/wp\/v2\/types\/post"}],"author":[{"embeddable":true,"href":"https:\/\/balazsivan.hu\/en\/wp-json\/wp\/v2\/users\/5"}],"replies":[{"embeddable":true,"href":"https:\/\/balazsivan.hu\/en\/wp-json\/wp\/v2\/comments?post=1529"}],"version-history":[{"count":1,"href":"https:\/\/balazsivan.hu\/en\/wp-json\/wp\/v2\/posts\/1529\/revisions"}],"predecessor-version":[{"id":1545,"href":"https:\/\/balazsivan.hu\/en\/wp-json\/wp\/v2\/posts\/1529\/revisions\/1545"}],"wp:featuredmedia":[{"embeddable":true,"href":"https:\/\/balazsivan.hu\/en\/wp-json\/wp\/v2\/media\/1462"}],"wp:attachment":[{"href":"https:\/\/balazsivan.hu\/en\/wp-json\/wp\/v2\/media?parent=1529"}],"wp:term":[{"taxonomy":"category","embeddable":true,"href":"https:\/\/balazsivan.hu\/en\/wp-json\/wp\/v2\/categories?post=1529"},{"taxonomy":"post_tag","embeddable":true,"href":"https:\/\/balazsivan.hu\/en\/wp-json\/wp\/v2\/tags?post=1529"}],"curies":[{"name":"wp","href":"https:\/\/api.w.org\/{rel}","templated":true}]}}