{"id":1526,"date":"2021-06-10T14:32:00","date_gmt":"2021-06-10T14:32:00","guid":{"rendered":"https:\/\/balazsivan.hu\/a-4-legfontosabb-a-munkavallalok-egeszseget-erinto-juttatasi-igeny-2021-ben\/"},"modified":"2023-02-13T17:16:51","modified_gmt":"2023-02-13T17:16:51","slug":"a-4-legfontosabb-a-munkavallalok-egeszseget-erinto-juttatasi-igeny-2021-ben","status":"publish","type":"post","link":"http:\/\/balazsivan.hu\/en\/blog\/a-4-legfontosabb-a-munkavallalok-egeszseget-erinto-juttatasi-igeny-2021-ben\/","title":{"rendered":"A 4 legfontosabb, a munkav\u00e1llal\u00f3k eg\u00e9szs\u00e9g\u00e9t \u00e9rint\u0151 juttat\u00e1si ig\u00e9ny 2021-ben"},"content":{"rendered":"<p><strong>Az elm\u00falt \u00e9vek t\u00f6rt\u00e9n\u00e9sei r\u00e1ir\u00e1ny\u00edtott\u00e1k a figyelmet a munkav\u00e1llal\u00f3k eg\u00e9szs\u00e9g\u00e9re. Nem el\u00e9g, hogy milyen kih\u00edv\u00e1st jelent a megfelel\u0151 munkaer\u0151 felkutat\u00e1sa \u00e9s megnyer\u00e9se a c\u00e9gek sz\u00e1m\u00e1ra, de figyeln\u00fcnk kell a megtart\u00e1sukra, \u00e9s \u00fajabban a testi \u00e9s lelki eg\u00e9szs\u00e9g\u00fckre is.<\/strong><\/p>\n<p>K\u00f6zel 15 \u00e9ve dolgozom v\u00e1llalati eg\u00e9szs\u00e9g\u00fcgyi juttat\u00e1si szak\u00e9rt\u0151k\u00e9nt \u00e9s napi szinten besz\u00e9lgetek v\u00e1llalatok HR vezet\u0151ivel az \u0151ket \u00e9r\u0151 leg\u00fajabb kih\u00edv\u00e1sokr\u00f3l. Ezen besz\u00e9lget\u00e9sek alapj\u00e1t l\u00e1tom, mi az az 4 legfontosabb ig\u00e9ny, ami 2021-ben a munkav\u00e1llal\u00f3k eg\u00e9szs\u00e9ge kapcs\u00e1n felmer\u00fcltek.<\/p>\n<h2>1) Post Covid sz\u0171r\u00e9s<\/h2>\n<p>Egy\u00e9rtelm\u0171 <strong>listavezet\u0151 a munkav\u00e1llal\u00f3i ig\u00e9nyek k\u00f6z\u00fcl a Post Covid kivizsg\u00e1l\u00e1sok<\/strong>, melyeket sajnos az \u00e1llami rendszerben jelenleg el\u00e9g neh\u00e9z megval\u00f3s\u00edtani.<\/p>\n<p>Els\u0151dleges elv\u00e1r\u00e1s a koll\u00e9g\u00e1k r\u00e9sz\u00e9r\u0151l, hogy<\/p>\n<ul>\n<li>valaki mondja meg, milyen vizsg\u00e1latok sz\u00fcks\u00e9gesek,<\/li>\n<li>valaki szervezze meg ezeket a vizsg\u00e1latokat, \u00e9s az sem mell\u00e9kes, hogy<\/li>\n<li>v\u00e9g\u00fcl ki fogja a sz\u00e1ml\u00e1t kifizetni.<\/li>\n<\/ul>\n<p>Tapasztalatok szerint h\u00e1rom lehet\u0151s\u00e9g k\u00f6z\u00fcl v\u00e1lasztanak a HR vezet\u0151k:<\/p>\n<p>1. Mindenki oldja meg maga. Szervezze mag\u00e1nak \u00e9s fizesse esetleg az eg\u00e9szs\u00e9gp\u00e9nzt\u00e1ri sz\u00e1ml\u00e1j\u00e1r\u00f3l. \u2013 Szerencs\u00e9re ritka ez az ir\u00e1ny.<\/p>\n<p>2. K\u00e9rnek be p\u00e1r aj\u00e1nlatot mag\u00e1nklinik\u00e1kt\u00f3l \u00e9s v\u00e1lasztanak a ma m\u00e1r sz\u00e1mtalan Post Covid sz\u0171r\u0151csomag k\u00f6z\u00fcl. \u2013 Ezek a csomagok jellemz\u0151en 50-150 e Ft k\u00f6z\u00f6tt mozognak fejenk\u00e9nt. A neh\u00e9zs\u00e9get az okozza, hogy nem mindenki megy el r\u00e1. \u00dcgyfeleimnek \u00e9ppen ez\u00e9rt \u00e1ltal\u00e1ban olyan csomagokat alak\u00edtunk ki, ahol csak a sz\u0171r\u00e9st ig\u00e9nybevev\u0151 koll\u00e9g\u00e1k ut\u00e1n sz\u00fcks\u00e9ges fizetni. Ezt a juttat\u00e1st \u00e1rnyalja a rendk\u00edv\u00fcl magas ad\u00f3vonzat.<\/p>\n<p>3. Az eg\u00e9szs\u00e9gbiztos\u00edt\u00e1sok is j\u00f3 megold\u00e1st jelenthetnek a kedvez\u0151bb ad\u00f3z\u00e1s \u00e9s a jellemz\u0151en kisebb k\u00f6lts\u00e9gek miatt. Legt\u00f6bb \u00fcgyfelem ezt szokta v\u00e1lasztani, mivel <strong>t\u00f6bb biztos\u00edt\u00f3 is fedezetet ad a m\u00e1r Covidon \u00e1tesett koll\u00e9g\u00e1k kivizsg\u00e1l\u00e1s\u00e1ra is.<\/strong><\/p>\n<p>Legt\u00f6bbsz\u00f6r siker\u00fcl a c\u00e9gek sz\u00e1m\u00e1ra a 3. verzi\u00f3t \u00fagy kombin\u00e1lni a 2.-al, hogy az eg\u00e9szs\u00e9gbiztos\u00edt\u00e1s egyben Post Covid sz\u0171r\u00e9st is tartalmaz \u00e9s a kett\u0151 egy\u00fctt is kevesebb\u0151l j\u00f6n ki, mint csak a sz\u0171r\u00e9s. Ezt az\u00e9rt siker\u00fcl, mert egyes sz\u0171r\u00e9sekhez a biztos\u00edt\u00f3kon kereszt\u00fcl olcs\u00f3bban jut hozz\u00e1 a c\u00e9g, m\u00e1sr\u00e9szt az ad\u00f3m\u00e9rt\u00e9ken is jelent\u0151s megtakar\u00edt\u00e1s \u00e9rhet\u0151 el.<\/p>\n<p>A legfontosabb k\u00e9rd\u00e9s a v\u00e1laszt\u00e1sn\u00e1l azonban az, hogy: <strong>mi t\u00f6rt\u00e9nik, amikor kider\u00fclt a sz\u0171r\u00e9sen, hogy valamilyen eg\u00e9szs\u00e9g\u00fcgyi probl\u00e9m\u00e1ja van a koll\u00e9g\u00e1nak? <\/strong> <\/p>\n<p>Sokan ebbe m\u00e1r nem gondolnak bele. Felel\u0151sen nem el\u00e9g csak arra gondolnunk, hogy prevenci\u00f3s sz\u0171r\u00e9sekkel der\u00edts\u00fck ki, hogy minden rendben van-e, hanem azzal is kell foglalkoznunk, hogyan fogunk ut\u00e1na meggy\u00f3gyulni \u00e9s ki fogja azt kifizetni? Egy eg\u00e9szs\u00e9gbiztos\u00edt\u00e1ssal kombin\u00e1lt sz\u0171r\u0151vizsg\u00e1lat erre ny\u00fajt t\u00f6k\u00e9letes megold\u00e1st.<\/p>\n<h2>2) Ment\u00e1lis t\u00e1mogat\u00e1s<\/h2>\n<p>A m\u00e1sik gyakran t\u00e1rgyalt k\u00e9rd\u00e9s a <strong>munkav\u00e1llal\u00f3k pszich\u00e9s terhelts\u00e9ge<\/strong>, mely a felold\u00e1sok \u00e9s a j\u00f3 id\u0151 hat\u00e1s\u00e1ra enyh\u00fclni l\u00e1tszik, de sok esetben mag\u00e1t\u00f3l, teljesen nem old\u00f3dnak meg. Azon jeleknek a felismer\u00e9se \u00e9s kezel\u00e9se, melyek a munkav\u00e1llal\u00f3k ment\u00e1lis probl\u00e9m\u00e1ira utalnak, k\u00e9pz\u00e9st ig\u00e9nyelnek.<\/p>\n<p>Megold\u00e1sk\u00e9nt erre a k\u00e9rd\u00e9sre legt\u00f6bbsz\u00f6r azt l\u00e1tom, hogy k\u00fcl\u00f6nb\u00f6z\u0151 szakemberek k\u00e9pz\u00e9seket \u00e9s tr\u00e9ningeket, komplex programokat dolgoznak ki, amivel az adott koll\u00e9g\u00e1k kisz\u0171rhet\u0151k \u00e9s t\u00e1mogatni lehet \u0151ket probl\u00e9m\u00e1ik megold\u00e1s\u00e1ban. M\u00e1shol olyan <strong>pszichol\u00f3giai call center szolg\u00e1ltat\u00e1sokat vezet\u00fcnk be<\/strong>, melyek ugyanezt a k\u00e9rd\u00e9s anonim m\u00f3don kezelik.<\/p>\n<p>Egy\u00e9rtelm\u0171en l\u00e1tszik egy olyan ir\u00e1ny a piacon, hogy az eg\u00e9szs\u00e9g\u00fcgyi call center t\u00e1mogat\u00e1s fel\u00e9rt\u00e9kel\u0151dik, ahol is <strong>minim\u00e1lis k\u00f6lts\u00e9gek mellett<\/strong> a koll\u00e9g\u00e1k nem csak pszichol\u00f3giai t\u00e1mogat\u00e1shoz jutnak, de az eg\u00e9szs\u00e9g\u00fcgyi ell\u00e1t\u00e1sukat is megszervezik \u00e9s \u00fcgyf\u00e9lport\u00e1llal is seg\u00edtik a <strong>0-24-es orvosi t\u00e1mogat\u00e1st.<\/strong> Ez a szolg\u00e1ltat\u00e1s nem eg\u00e9szs\u00e9gbiztos\u00edt\u00e1s, hanem egy nagyon er\u0151s orvosi szak\u00e9rt\u0151i h\u00e1tt\u00e9rt\u00e1mogat\u00e1st ny\u00fajt, modern eszk\u00f6z\u00f6k seg\u00edts\u00e9g\u00e9vel.<\/p>\n<h2>3) Anyagi t\u00e1mogat\u00e1s<\/h2>\n<p>\u00dajabban ig\u00e9nyk\u00e9nt mer\u00fcl fel a KKV-k k\u00f6r\u00e9ben, hogy az egyenk\u00e9nt kifizetett temet\u00e9si t\u00e1mogat\u00e1soknak valamilyen int\u00e9zm\u00e9nyes\u00edtett keretet adjanak. Az is gyakran el\u0151fordul sajnos, hogy egyes munkav\u00e1llal\u00f3k hetekig kiesnek a munk\u00e1b\u00f3l \u00e9s ilyenkor anyagi t\u00e1mogat\u00e1sra van sz\u00fcks\u00e9g\u00fck a t\u00e1pp\u00e9nz mellett.<br \/>\nEzekre megold\u00e1sk\u00e9nt <strong>renesz\u00e1nsz\u00e1t \u00e9li a csoportos \u00e9let- \u00e9s balesetbiztos\u00edt\u00e1s<\/strong>, ahol jelenleg a legkeresettebb szolg\u00e1ltat\u00e1sok k\u00f6z\u00e9 ker\u00fclt a k\u00f3rh\u00e1zi napi t\u00e9r\u00edt\u00e9s, a t\u00e1pp\u00e9nz kieg\u00e9sz\u00edt\u00e9s, de ak\u00e1r m\u00e9g olyan speci\u00e1lis szolg\u00e1ltat\u00e1s is, mint a csal\u00e1dtagok ut\u00e1n j\u00e1r\u00f3 temet\u00e9si t\u00e1mogat\u00e1s.<\/p>\n<h2>4) Mag\u00e1n eg\u00e9szs\u00e9g\u00fcgyi ell\u00e1t\u00e1s<\/h2>\n<p>Az \u00e1llami eg\u00e9szs\u00e9g\u00fcgyi ell\u00e1t\u00f3 rendszer korl\u00e1tai miatt \u00f3ri\u00e1si ig\u00e9ny alakult ki a gyors \u00e9s magas sz\u00ednvonal\u00fa eg\u00e9szs\u00e9g\u00fcgyi ell\u00e1t\u00e1s ir\u00e1nt. Az eg\u00e9szs\u00e9gbiztos\u00edt\u00e1sok manaps\u00e1g havi 5-9 ezer forint\u00e9rt munkav\u00e1llal\u00f3nk\u00e9nt v\u00e1llalj\u00e1k, hogy a megl\u00e9v\u0151 betegs\u00e9geket is belesz\u00e1m\u00edtva megszervezik \u00e9s finansz\u00edrozz\u00e1k a j\u00e1r\u00f3beteg szakell\u00e1t\u00e1sokat, diagnosztikai vizsg\u00e1latokat. Jellemz\u0151en az alapszolg\u00e1ltat\u00e1s r\u00e9szre az ambul\u00e1ns m\u0171t\u00e9tek, egynapos seb\u00e9szet, h\u00e1zivizit \u00e9s a 24 \u00f3r\u00e1s orvosi call center is. Kieg\u00e9sz\u00edt\u00e9sk\u00e9nt a fekv\u0151beteg ell\u00e1t\u00e1s \u00e9s a sz\u0171r\u0151vizsg\u00e1latok szoktak felmer\u00fclni.<\/p>\n<h2>\u00c1talakul\u00f3 juttat\u00e1si ig\u00e9nyek<\/h2>\n<p>Egys\u00e9gesen elmondhat\u00f3 a v\u00e1llalati juttat\u00e1sok ter\u00fclet\u00e9r\u0151l, hogy a c\u00e9gek \u00e1talak\u00edtj\u00e1k rendszereiket. Vannak olyan b\u00e9ren k\u00edv\u00fcli juttat\u00e1si elemek, melyek ma m\u00e1r kev\u00e9sb\u00e9 \u00e9rt\u00e9kesek a munkav\u00e1llal\u00f3k sz\u00e1m\u00e1ra \u00e9s el\u0151re t\u00f6rnek olyanok, melyekre sokkal nagyobb ig\u00e9ny van. Az \u00faj ig\u00e9nyek k\u00f6z\u00f6tt egy\u00e9rtelm\u0171en a munkav\u00e1llal\u00f3i eg\u00e9szs\u00e9g a listavezet\u0151.<\/p>\n<p>V\u00e1llalati eg\u00e9szs\u00e9gbiztos\u00edt\u00e1si szak\u00e9rt\u0151k\u00e9nt, t\u00f6bb sz\u00e1z c\u00e9g kiszolg\u00e1l\u00e1sa ut\u00e1n elmondhatom, hogy a legnagyobb ig\u00e9ny az al\u00e1bbi d\u00edjmentes szolg\u00e1ltat\u00e1saim ir\u00e1nt mutatkozik:<\/p>\n<ul>\n<li>szak\u00e9rt\u0151i tan\u00e1csad\u00e1s az \u00faj juttat\u00e1sok kialak\u00edt\u00e1s\u00e1n\u00e1l,<\/li>\n<li>aj\u00e1nlatok bek\u00e9r\u00e9se a c\u00e9g sz\u00e1m\u00e1ra \u00e9s a szolg\u00e1ltat\u00f3k\/biztos\u00edt\u00f3k versenyeztet\u00e9se a c\u00e9g\u00e9rt,<\/li>\n<li>aj\u00e1nlatok \u00f6sszehasonl\u00edt\u00e1sa, d\u00f6nt\u00e9s el\u0151k\u00e9sz\u00edt\u00e9s,<\/li>\n<li>bevezet\u00e9s \u00e9s kommunik\u00e1ci\u00f3 a munkav\u00e1llal\u00f3k fel\u00e9.<\/li>\n<\/ul>\n<h2>Speci\u00e1lis eg\u00e9szs\u00e9gbiztos\u00edt\u00e1si k\u00e9r\u00e9sek<\/h2>\n<p>Vannak az \u00fcgyf\u00e9lig\u00e9nyek k\u00f6z\u00f6tt speci\u00e1lis k\u00e9r\u00e9sek is. A <strong>leg\u00e9rdekesebb egyedi megold\u00e1saim a c\u00e9gek sz\u00e1m\u00e1ra<\/strong> a k\u00f6vetkez\u0151k voltak mostan\u00e1ban:<\/p>\n<ul>\n<li>olyan prevenci\u00f3s sz\u0171r\u0151vizsg\u00e1lat kialak\u00edt\u00e1sa, ahol a munkav\u00e1llal\u00f3 maga <strong>\u00e1ll\u00edthatja \u00f6ssze a vizsg\u00e1latsort<\/strong>, ezzel teljesen szem\u00e9lyre szabva azt,<\/li>\n<li>mag\u00e1n s\u00fcrg\u0151ss\u00e9gi ell\u00e1t\u00e1s be\u00e9p\u00edt\u00e9se az eg\u00e9szs\u00e9g\u00fcgyi juttat\u00e1si csomagba,<\/li>\n<li>olyan eg\u00e9szs\u00e9gbiztos\u00edt\u00e1si szolg\u00e1ltat\u00e1s kialak\u00edt\u00e1sa, ahol egy bizonyos klinika ny\u00fajtja az ell\u00e1t\u00e1sok jelent\u0151s r\u00e9sz\u00e9t, de nem felt\u00e9tlen\u00fcl kiz\u00e1r\u00f3lagos m\u00f3don,<\/li>\n<li>havi 1500 Ft\/f\u0151 d\u00edjon kialak\u00edtott eg\u00e9szs\u00e9g\u00fcgyi orvosi t\u00e1mogat\u00e1s telefonon \u00e9s online,<\/li>\n<li>alap szolg\u00e1ltat\u00e1si csomagok bevezet\u00e9se minden munkav\u00e1llal\u00f3 sz\u00e1m\u00e1ra \u00fagy, hogy a koll\u00e9g\u00e1k saj\u00e1t k\u00f6lts\u00e9gb\u0151l magasabb szolg\u00e1ltat\u00e1si szintet, sz\u0171r\u00e9st tudjanak ig\u00e9nyelni vagy <strong>csal\u00e1dtagokat tudjanak bel\u00e9ptetni<\/strong> kiv\u00e1l\u00f3 felt\u00e9telekkel.<\/li>\n<\/ul>\n<p>\u00d6sszefoglalva elmondhatjuk, hogy teljes \u00e1talakul\u00e1s alatt van a munkaer\u0151 piac, ezen bel\u00fcl a juttat\u00e1si ig\u00e9nyek. Mik\u00f6zben a HR oszt\u00e1lyok kialak\u00edtj\u00e1k az \u00faj benefit rendszer\u00fcket, abban kihagyhatatlanok lettek a munkav\u00e1llal\u00f3k testi \u00e9s lelki eg\u00e9szs\u00e9g\u00e9t c\u00e9lz\u00f3 elemek.<\/p>\n<p>Ha v\u00e9gig vessz\u00fck, hogy manaps\u00e1g mit is adhatunk a fizet\u00e9sen k\u00edv\u00fcl a munkav\u00e1llal\u00f3k sz\u00e1m\u00e1ra \u00e9s ezen juttat\u00e1sok k\u00f6z\u00fcl melyik milyen el\u0151ny\u00f6kkel j\u00e1r sz\u00e1mukra, valamint a munk\u00e1ltat\u00f3 sz\u00e1m\u00e1ra, akkor az eg\u00e9szs\u00e9g szint\u00e9n az \u00e9len fog v\u00e9gezni.<\/p>\n<p>Ahogy az a Corvinus Egyetem tan\u00e1rainak (Szab\u00f3 \u00c1gnes \u00e9s Juh\u00e1sz P\u00e9ter) cikkj\u00e9b\u0151l is megtudhatjuk: <strong>&#8220;T\u00f6bbsz\u00f6r\u00f6s megt\u00e9r\u00fcl\u00e9st hozhatnak a Munkahelyi Eg\u00e9szs\u00e9gprogramok&#8221;.<\/strong><\/p>\n<h2>HR kutat\u00e1s az eg\u00e9szs\u00e9g\u00fcgyi szolg\u00e1ltat\u00e1sokr\u00f3l<\/h2>\n<p>\u00d6nnek mi a fontos? Milyen szolg\u00e1ltat\u00e1sokat hi\u00e1nyol?<\/p>\n<p>A Teladoc-kal, mint a vil\u00e1g egyik legnagyobb virtu\u00e1lis eg\u00e9szs\u00e9g szolg\u00e1ltat\u00f3j\u00e1val, \u00e9s a HR Fest-tel k\u00f6z\u00f6s felm\u00e9r\u00e9st ind\u00edtunk, hogy felm\u00e9rj\u00fck a magyar v\u00e1llalatok eg\u00e9szs\u00e9g\u00fcgyi juttat\u00e1sinak v\u00e1ltoz\u00e1s\u00e1t, vagy \u00e9ppen a v\u00e1ltoz\u00e1sok hi\u00e1ny\u00e1t. A kit\u00f6lt\u00e9s 2 percet vesz ig\u00e9nybe \u00e9s egy garant\u00e1lt aj\u00e1nd\u00e9kkal k\u00f6sz\u00f6nj\u00fck meg a kit\u00f6lt\u00e9sre ford\u00edtott idej\u00e9t.<\/p>\n<div  class='avia-button-wrap av-kpqzzhxn-e5f304a0b0b5670c9250fe35f5fcb2fa-wrap avia-button-center  avia-builder-el-0  el_before_av_promobox  avia-builder-el-first ' ><a href='https:\/\/balazsivan.hu\/hr-kutatas-az-egeszsegugyi-szolgaltatasokrol\/'  class='avia-button av-kpqzzhxn-e5f304a0b0b5670c9250fe35f5fcb2fa avia-icon_select-yes-left-icon avia-size-large avia-position-center avia-color-theme-color' ><span class='avia_button_icon avia_button_icon_left' aria-hidden='true' data-av_icon='\ue812' data-av_iconfont='entypo-fontello'><\/span><span class='avia_iconbox_title' >Kit\u00f6lt\u00f6m a kutat\u00e1si k\u00e9rd\u0151\u00edvet<\/span><\/a><\/div>\n<p>Cikkem a <a href=\"http:\/\/hrpwr.hu\/fejlodes\/cikk\/uj_trendek_az_egeszsegugyi_juttatasok_piacan\" target=\"_blank\" rel=\"noopener noreferrer\">HRPWR.hu<\/a> oldalon jelent meg.<\/p>\n<div  class='av_promobox av-kgj6w3nw-787dde15a9b7ee4b544f829c1b3e5851 avia-button-yes  avia-builder-el-1  el_after_av_button  avia-builder-el-last '><div class='avia-promocontent'><\/p>\n<h3><strong>T\u00f6ltse le a v\u00e1llalati eg\u00e9szs\u00e9gbiztos\u00edt\u00e1sok \u00e1tfog\u00f3 elemz\u00e9s\u00e9t!<\/strong><\/h3>\n<p>\n<\/div><div  class='avia-button-wrap av-kgj6w3nw-bd99e2afa1bad66167025335b8f120e3-wrap avia-button-right ' ><a href='https:\/\/balazsivan.hu\/egeszsegbiztositas-osszehasonlito\/?utm_source=blog&amp;utm_medium=textlink&amp;utm_term=oriasi-aremelkedes&amp;utm_content=oriasi-aremelkedes-also&amp;utm_campaign=blog-oriasi-aremelkedes-also' class='avia-button av-kgj6w3nw-bd99e2afa1bad66167025335b8f120e3 avia-icon_select-no avia-size-large avia-position-right avia-color-theme-color' target=\"_blank\" rel=\"noopener noreferrer\"><span class='avia_iconbox_title' >Kattintson!<\/span><\/a><\/div><\/div>\n","protected":false},"excerpt":{"rendered":"<p>Az elm\u00falt \u00e9vek t\u00f6rt\u00e9n\u00e9sei r\u00e1ir\u00e1ny\u00edtott\u00e1k a figyelmet a munkav\u00e1llal\u00f3k eg\u00e9szs\u00e9g\u00e9re. Nem el\u00e9g, hogy milyen kih\u00edv\u00e1st jelent a megfelel\u0151 munkaer\u0151 felkutat\u00e1sa \u00e9s megnyer\u00e9se a c\u00e9gek sz\u00e1m\u00e1ra, de figyeln\u00fcnk kell a megtart\u00e1sukra, \u00e9s \u00fajabban a testi \u00e9s lelki eg\u00e9szs\u00e9g\u00fckre is. K\u00f6zel 15 \u00e9ve dolgozom v\u00e1llalati eg\u00e9szs\u00e9g\u00fcgyi juttat\u00e1si szak\u00e9rt\u0151k\u00e9nt \u00e9s napi szinten besz\u00e9lgetek v\u00e1llalatok HR vezet\u0151ivel az \u0151ket [&hellip;]<\/p>\n","protected":false},"author":7,"featured_media":1487,"comment_status":"closed","ping_status":"closed","sticky":false,"template":"","format":"standard","meta":[],"categories":[29],"tags":[],"yoast_head":"<!-- This site is optimized with the Yoast SEO plugin v20.6 - https:\/\/yoast.com\/wordpress\/plugins\/seo\/ -->\n<title>A 4 legfontosabb, a munkav\u00e1llal\u00f3k eg\u00e9szs\u00e9g\u00e9t \u00e9rint\u0151 juttat\u00e1si ig\u00e9ny 2021-ben - Bal\u00e1zs Iv\u00e1n - V\u00e1llalati eg\u00e9szs\u00e9gbiztos\u00edt\u00e1si szak\u00e9rt\u0151<\/title>\n<meta name=\"robots\" content=\"index, follow, max-snippet:-1, max-image-preview:large, max-video-preview:-1\" \/>\n<link rel=\"canonical\" href=\"http:\/\/balazsivan.hu\/en\/blog\/a-4-legfontosabb-a-munkavallalok-egeszseget-erinto-juttatasi-igeny-2021-ben\/\" \/>\n<meta property=\"og:locale\" content=\"en_US\" \/>\n<meta property=\"og:type\" content=\"article\" \/>\n<meta property=\"og:title\" content=\"A 4 legfontosabb, a munkav\u00e1llal\u00f3k eg\u00e9szs\u00e9g\u00e9t \u00e9rint\u0151 juttat\u00e1si ig\u00e9ny 2021-ben - Bal\u00e1zs Iv\u00e1n - V\u00e1llalati eg\u00e9szs\u00e9gbiztos\u00edt\u00e1si szak\u00e9rt\u0151\" \/>\n<meta property=\"og:description\" content=\"Az elm\u00falt \u00e9vek t\u00f6rt\u00e9n\u00e9sei r\u00e1ir\u00e1ny\u00edtott\u00e1k a figyelmet a munkav\u00e1llal\u00f3k eg\u00e9szs\u00e9g\u00e9re. Nem el\u00e9g, hogy milyen kih\u00edv\u00e1st jelent a megfelel\u0151 munkaer\u0151 felkutat\u00e1sa \u00e9s megnyer\u00e9se a c\u00e9gek sz\u00e1m\u00e1ra, de figyeln\u00fcnk kell a megtart\u00e1sukra, \u00e9s \u00fajabban a testi \u00e9s lelki eg\u00e9szs\u00e9g\u00fckre is. K\u00f6zel 15 \u00e9ve dolgozom v\u00e1llalati eg\u00e9szs\u00e9g\u00fcgyi juttat\u00e1si szak\u00e9rt\u0151k\u00e9nt \u00e9s napi szinten besz\u00e9lgetek v\u00e1llalatok HR vezet\u0151ivel az \u0151ket [&hellip;]\" \/>\n<meta property=\"og:url\" content=\"http:\/\/balazsivan.hu\/en\/blog\/a-4-legfontosabb-a-munkavallalok-egeszseget-erinto-juttatasi-igeny-2021-ben\/\" \/>\n<meta property=\"og:site_name\" content=\"Bal\u00e1zs Iv\u00e1n - V\u00e1llalati eg\u00e9szs\u00e9gbiztos\u00edt\u00e1si szak\u00e9rt\u0151\" \/>\n<meta property=\"article:publisher\" content=\"https:\/\/www.facebook.com\/balazsivan0\" \/>\n<meta property=\"article:published_time\" content=\"2021-06-10T14:32:00+00:00\" \/>\n<meta property=\"article:modified_time\" content=\"2023-02-13T17:16:51+00:00\" \/>\n<meta property=\"og:image\" content=\"https:\/\/balazsivan.hu\/wp-content\/uploads\/2021\/06\/pexels-sora-shimazaki-5673502-scaled.jpg\" \/>\n\t<meta property=\"og:image:width\" content=\"2560\" \/>\n\t<meta property=\"og:image:height\" content=\"1318\" \/>\n\t<meta property=\"og:image:type\" content=\"image\/jpeg\" \/>\n<meta name=\"author\" content=\"BLea\" \/>\n<meta name=\"twitter:card\" content=\"summary_large_image\" \/>\n<meta name=\"twitter:label1\" content=\"Written by\" \/>\n\t<meta name=\"twitter:data1\" content=\"BLea\" \/>\n\t<meta name=\"twitter:label2\" content=\"Est. reading time\" \/>\n\t<meta name=\"twitter:data2\" content=\"6 minutes\" \/>\n<script type=\"application\/ld+json\" class=\"yoast-schema-graph\">{\"@context\":\"https:\/\/schema.org\",\"@graph\":[{\"@type\":\"WebPage\",\"@id\":\"http:\/\/balazsivan.hu\/en\/blog\/a-4-legfontosabb-a-munkavallalok-egeszseget-erinto-juttatasi-igeny-2021-ben\/\",\"url\":\"http:\/\/balazsivan.hu\/en\/blog\/a-4-legfontosabb-a-munkavallalok-egeszseget-erinto-juttatasi-igeny-2021-ben\/\",\"name\":\"A 4 legfontosabb, a munkav\u00e1llal\u00f3k eg\u00e9szs\u00e9g\u00e9t \u00e9rint\u0151 juttat\u00e1si ig\u00e9ny 2021-ben - Bal\u00e1zs Iv\u00e1n - V\u00e1llalati eg\u00e9szs\u00e9gbiztos\u00edt\u00e1si szak\u00e9rt\u0151\",\"isPartOf\":{\"@id\":\"https:\/\/balazsivan.hu\/en\/#website\"},\"datePublished\":\"2021-06-10T14:32:00+00:00\",\"dateModified\":\"2023-02-13T17:16:51+00:00\",\"author\":{\"@id\":\"https:\/\/balazsivan.hu\/en\/#\/schema\/person\/651c05d12eed6ee22b207e4798c3d970\"},\"breadcrumb\":{\"@id\":\"http:\/\/balazsivan.hu\/en\/blog\/a-4-legfontosabb-a-munkavallalok-egeszseget-erinto-juttatasi-igeny-2021-ben\/#breadcrumb\"},\"inLanguage\":\"en-US\",\"potentialAction\":[{\"@type\":\"ReadAction\",\"target\":[\"http:\/\/balazsivan.hu\/en\/blog\/a-4-legfontosabb-a-munkavallalok-egeszseget-erinto-juttatasi-igeny-2021-ben\/\"]}]},{\"@type\":\"BreadcrumbList\",\"@id\":\"http:\/\/balazsivan.hu\/en\/blog\/a-4-legfontosabb-a-munkavallalok-egeszseget-erinto-juttatasi-igeny-2021-ben\/#breadcrumb\",\"itemListElement\":[{\"@type\":\"ListItem\",\"position\":1,\"name\":\"Home\",\"item\":\"https:\/\/balazsivan.hu\/en\/\"},{\"@type\":\"ListItem\",\"position\":2,\"name\":\"A 4 legfontosabb, a munkav\u00e1llal\u00f3k eg\u00e9szs\u00e9g\u00e9t \u00e9rint\u0151 juttat\u00e1si ig\u00e9ny 2021-ben\"}]},{\"@type\":\"WebSite\",\"@id\":\"https:\/\/balazsivan.hu\/en\/#website\",\"url\":\"https:\/\/balazsivan.hu\/en\/\",\"name\":\"Bal\u00e1zs Iv\u00e1n - V\u00e1llalati eg\u00e9szs\u00e9gbiztos\u00edt\u00e1si szak\u00e9rt\u0151\",\"description\":\"V\u00e1llalati eg\u00e9szs\u00e9gbiztos\u00edt\u00e1si szak\u00e9rt\u0151\",\"potentialAction\":[{\"@type\":\"SearchAction\",\"target\":{\"@type\":\"EntryPoint\",\"urlTemplate\":\"https:\/\/balazsivan.hu\/en\/?s={search_term_string}\"},\"query-input\":\"required name=search_term_string\"}],\"inLanguage\":\"en-US\"},{\"@type\":\"Person\",\"@id\":\"https:\/\/balazsivan.hu\/en\/#\/schema\/person\/651c05d12eed6ee22b207e4798c3d970\",\"name\":\"BLea\",\"image\":{\"@type\":\"ImageObject\",\"inLanguage\":\"en-US\",\"@id\":\"https:\/\/balazsivan.hu\/en\/#\/schema\/person\/image\/\",\"url\":\"https:\/\/secure.gravatar.com\/avatar\/5f6cfbb3811035c6339a82db9c0dbeb4?s=96&d=mm&r=g\",\"contentUrl\":\"https:\/\/secure.gravatar.com\/avatar\/5f6cfbb3811035c6339a82db9c0dbeb4?s=96&d=mm&r=g\",\"caption\":\"BLea\"},\"url\":\"https:\/\/balazsivan.hu\/en\/author\/blea\/\"}]}<\/script>\n<!-- \/ Yoast SEO plugin. -->","yoast_head_json":{"title":"A 4 legfontosabb, a munkav\u00e1llal\u00f3k eg\u00e9szs\u00e9g\u00e9t \u00e9rint\u0151 juttat\u00e1si ig\u00e9ny 2021-ben - Bal\u00e1zs Iv\u00e1n - V\u00e1llalati eg\u00e9szs\u00e9gbiztos\u00edt\u00e1si szak\u00e9rt\u0151","robots":{"index":"index","follow":"follow","max-snippet":"max-snippet:-1","max-image-preview":"max-image-preview:large","max-video-preview":"max-video-preview:-1"},"canonical":"http:\/\/balazsivan.hu\/en\/blog\/a-4-legfontosabb-a-munkavallalok-egeszseget-erinto-juttatasi-igeny-2021-ben\/","og_locale":"en_US","og_type":"article","og_title":"A 4 legfontosabb, a munkav\u00e1llal\u00f3k eg\u00e9szs\u00e9g\u00e9t \u00e9rint\u0151 juttat\u00e1si ig\u00e9ny 2021-ben - Bal\u00e1zs Iv\u00e1n - V\u00e1llalati eg\u00e9szs\u00e9gbiztos\u00edt\u00e1si szak\u00e9rt\u0151","og_description":"Az elm\u00falt \u00e9vek t\u00f6rt\u00e9n\u00e9sei r\u00e1ir\u00e1ny\u00edtott\u00e1k a figyelmet a munkav\u00e1llal\u00f3k eg\u00e9szs\u00e9g\u00e9re. Nem el\u00e9g, hogy milyen kih\u00edv\u00e1st jelent a megfelel\u0151 munkaer\u0151 felkutat\u00e1sa \u00e9s megnyer\u00e9se a c\u00e9gek sz\u00e1m\u00e1ra, de figyeln\u00fcnk kell a megtart\u00e1sukra, \u00e9s \u00fajabban a testi \u00e9s lelki eg\u00e9szs\u00e9g\u00fckre is. K\u00f6zel 15 \u00e9ve dolgozom v\u00e1llalati eg\u00e9szs\u00e9g\u00fcgyi juttat\u00e1si szak\u00e9rt\u0151k\u00e9nt \u00e9s napi szinten besz\u00e9lgetek v\u00e1llalatok HR vezet\u0151ivel az \u0151ket [&hellip;]","og_url":"http:\/\/balazsivan.hu\/en\/blog\/a-4-legfontosabb-a-munkavallalok-egeszseget-erinto-juttatasi-igeny-2021-ben\/","og_site_name":"Bal\u00e1zs Iv\u00e1n - V\u00e1llalati eg\u00e9szs\u00e9gbiztos\u00edt\u00e1si szak\u00e9rt\u0151","article_publisher":"https:\/\/www.facebook.com\/balazsivan0","article_published_time":"2021-06-10T14:32:00+00:00","article_modified_time":"2023-02-13T17:16:51+00:00","og_image":[{"width":2560,"height":1318,"url":"https:\/\/balazsivan.hu\/wp-content\/uploads\/2021\/06\/pexels-sora-shimazaki-5673502-scaled.jpg","type":"image\/jpeg"}],"author":"BLea","twitter_card":"summary_large_image","twitter_misc":{"Written by":"BLea","Est. reading time":"6 minutes"},"schema":{"@context":"https:\/\/schema.org","@graph":[{"@type":"WebPage","@id":"http:\/\/balazsivan.hu\/en\/blog\/a-4-legfontosabb-a-munkavallalok-egeszseget-erinto-juttatasi-igeny-2021-ben\/","url":"http:\/\/balazsivan.hu\/en\/blog\/a-4-legfontosabb-a-munkavallalok-egeszseget-erinto-juttatasi-igeny-2021-ben\/","name":"A 4 legfontosabb, a munkav\u00e1llal\u00f3k eg\u00e9szs\u00e9g\u00e9t \u00e9rint\u0151 juttat\u00e1si ig\u00e9ny 2021-ben - Bal\u00e1zs Iv\u00e1n - V\u00e1llalati eg\u00e9szs\u00e9gbiztos\u00edt\u00e1si szak\u00e9rt\u0151","isPartOf":{"@id":"https:\/\/balazsivan.hu\/en\/#website"},"datePublished":"2021-06-10T14:32:00+00:00","dateModified":"2023-02-13T17:16:51+00:00","author":{"@id":"https:\/\/balazsivan.hu\/en\/#\/schema\/person\/651c05d12eed6ee22b207e4798c3d970"},"breadcrumb":{"@id":"http:\/\/balazsivan.hu\/en\/blog\/a-4-legfontosabb-a-munkavallalok-egeszseget-erinto-juttatasi-igeny-2021-ben\/#breadcrumb"},"inLanguage":"en-US","potentialAction":[{"@type":"ReadAction","target":["http:\/\/balazsivan.hu\/en\/blog\/a-4-legfontosabb-a-munkavallalok-egeszseget-erinto-juttatasi-igeny-2021-ben\/"]}]},{"@type":"BreadcrumbList","@id":"http:\/\/balazsivan.hu\/en\/blog\/a-4-legfontosabb-a-munkavallalok-egeszseget-erinto-juttatasi-igeny-2021-ben\/#breadcrumb","itemListElement":[{"@type":"ListItem","position":1,"name":"Home","item":"https:\/\/balazsivan.hu\/en\/"},{"@type":"ListItem","position":2,"name":"A 4 legfontosabb, a munkav\u00e1llal\u00f3k eg\u00e9szs\u00e9g\u00e9t \u00e9rint\u0151 juttat\u00e1si ig\u00e9ny 2021-ben"}]},{"@type":"WebSite","@id":"https:\/\/balazsivan.hu\/en\/#website","url":"https:\/\/balazsivan.hu\/en\/","name":"Bal\u00e1zs Iv\u00e1n - V\u00e1llalati eg\u00e9szs\u00e9gbiztos\u00edt\u00e1si szak\u00e9rt\u0151","description":"V\u00e1llalati eg\u00e9szs\u00e9gbiztos\u00edt\u00e1si szak\u00e9rt\u0151","potentialAction":[{"@type":"SearchAction","target":{"@type":"EntryPoint","urlTemplate":"https:\/\/balazsivan.hu\/en\/?s={search_term_string}"},"query-input":"required name=search_term_string"}],"inLanguage":"en-US"},{"@type":"Person","@id":"https:\/\/balazsivan.hu\/en\/#\/schema\/person\/651c05d12eed6ee22b207e4798c3d970","name":"BLea","image":{"@type":"ImageObject","inLanguage":"en-US","@id":"https:\/\/balazsivan.hu\/en\/#\/schema\/person\/image\/","url":"https:\/\/secure.gravatar.com\/avatar\/5f6cfbb3811035c6339a82db9c0dbeb4?s=96&d=mm&r=g","contentUrl":"https:\/\/secure.gravatar.com\/avatar\/5f6cfbb3811035c6339a82db9c0dbeb4?s=96&d=mm&r=g","caption":"BLea"},"url":"https:\/\/balazsivan.hu\/en\/author\/blea\/"}]}},"_links":{"self":[{"href":"https:\/\/balazsivan.hu\/en\/wp-json\/wp\/v2\/posts\/1526"}],"collection":[{"href":"https:\/\/balazsivan.hu\/en\/wp-json\/wp\/v2\/posts"}],"about":[{"href":"https:\/\/balazsivan.hu\/en\/wp-json\/wp\/v2\/types\/post"}],"author":[{"embeddable":true,"href":"https:\/\/balazsivan.hu\/en\/wp-json\/wp\/v2\/users\/7"}],"replies":[{"embeddable":true,"href":"https:\/\/balazsivan.hu\/en\/wp-json\/wp\/v2\/comments?post=1526"}],"version-history":[{"count":3,"href":"https:\/\/balazsivan.hu\/en\/wp-json\/wp\/v2\/posts\/1526\/revisions"}],"predecessor-version":[{"id":1539,"href":"https:\/\/balazsivan.hu\/en\/wp-json\/wp\/v2\/posts\/1526\/revisions\/1539"}],"wp:featuredmedia":[{"embeddable":true,"href":"https:\/\/balazsivan.hu\/en\/wp-json\/wp\/v2\/media\/1487"}],"wp:attachment":[{"href":"https:\/\/balazsivan.hu\/en\/wp-json\/wp\/v2\/media?parent=1526"}],"wp:term":[{"taxonomy":"category","embeddable":true,"href":"https:\/\/balazsivan.hu\/en\/wp-json\/wp\/v2\/categories?post=1526"},{"taxonomy":"post_tag","embeddable":true,"href":"https:\/\/balazsivan.hu\/en\/wp-json\/wp\/v2\/tags?post=1526"}],"curies":[{"name":"wp","href":"https:\/\/api.w.org\/{rel}","templated":true}]}}