{"id":1525,"date":"2021-06-14T19:29:02","date_gmt":"2021-06-14T19:29:02","guid":{"rendered":"https:\/\/balazsivan.hu\/szamos-uj-extra-szolgaltatassal-bovultek-az-egeszsegbiztositasok-ez-is-a-covid-eredmenye\/"},"modified":"2023-02-13T17:16:37","modified_gmt":"2023-02-13T17:16:37","slug":"szamos-uj-extra-szolgaltatassal-bovultek-az-egeszsegbiztositasok-ez-is-a-covid-eredmenye","status":"publish","type":"post","link":"http:\/\/balazsivan.hu\/en\/blog\/szamos-uj-extra-szolgaltatassal-bovultek-az-egeszsegbiztositasok-ez-is-a-covid-eredmenye\/","title":{"rendered":"Sz\u00e1mos \u00faj, extra szolg\u00e1ltat\u00e1ssal b\u0151v\u00fcltek az eg\u00e9szs\u00e9gbiztos\u00edt\u00e1sok &#8211; ez is a COVID eredm\u00e9nye"},"content":{"rendered":"<p>A PP Konferencia \u00e1ltal szervezett KKV-AKAD\u00c9MIA m\u00e1jusi top-t\u00e9m\u00e1ja a koronav\u00edrus ut\u00e1ni id\u0151szak legfrissebb munkaer\u0151piaci trendjeinek elemz\u00e9se volt. A rendk\u00edv\u00fcl sz\u00ednvonalas konferencia \u00e1tfog\u00f3, tudom\u00e1nyos ig\u00e9nnyel, ugyanakkor a mindennapi gyakorlatban is j\u00f3l alkalmazhat\u00f3 tippekkel \u00e9s \u201cbest practice\u201d esettanulm\u00e1nyokkal igyekezett bemutatni a munkav\u00e9gz\u00e9s ter\u00e9n zajl\u00f3 paradigmav\u00e1lt\u00e1st.<\/p>\n<p>Megh\u00edvott el\u0151ad\u00f3k\u00e9nt, az eg\u00e9szs\u00e9gbiztos\u00edt\u00e1sok szak\u00e9rt\u0151jek\u00e9nt magam is r\u00e9szt vettem a rendezv\u00e9nyen, ahol a prezent\u00e1ci\u00f3m sor\u00e1n els\u0151sorban a poszt-covid szolg\u00e1ltat\u00e1sokr\u00f3l igyekeztem r\u00e9szletes k\u00e9pet bemutatni az \u00e9rdekl\u0151d\u0151 k\u00f6z\u00f6ns\u00e9gnek.<\/p>\n<p>Az el\u0151ad\u00e1s teljes vide\u00f3felv\u00e9tele az \u00d6n sz\u00e1m\u00e1ra most ingyenesen visszan\u00e9zhet\u0151 itt:<\/p>\n<p><iframe loading=\"lazy\" title=\"YouTube video player\" src=\"https:\/\/www.youtube.com\/embed\/vv9p_3k7ISM\" width=\"560\" height=\"315\" frameborder=\"0\" allowfullscreen=\"allowfullscreen\"><\/iframe><\/p>\n<p>Aki HR-vezet\u0151k\u00e9nt vagy \u00fcgyvezet\u0151k\u00e9nt dolgozik, az j\u00f3l tudja, a koronav\u00edrus, \u00e9s a nyom\u00e1ban j\u00e1r\u00f3 felfordul\u00e1s olyan v\u00e1ltoz\u00e1sokat gener\u00e1lt a munkaer\u0151piacon, amely alapjaiban forgatta fel az elm\u00falt \u00e9vtizedek trendjeit.<\/p>\n<p>A ment\u00e1lis s\u00e9r\u00fcl\u00e9sek megugr\u00e1sa \u00e9s a munkaad\u00f3 v\u00e1llalatok ir\u00e1nti elk\u00f6telez\u0151d\u00e9s drasztikus cs\u00f6kken\u00e9se, a csapatmunka kor\u00e1bbi lehet\u0151s\u00e9geinek szinte teljes sz\u00e9tes\u00e9se \u00faj kih\u00edv\u00e1sok el\u00e9 \u00e1ll\u00edtotta a HR-oszt\u00e1lyokat \u00e9s a vezet\u0151ket. Kor\u00e1bban elk\u00e9pzelhetetlen m\u00f3don fel\u00e9rt\u00e9kel\u0151d\u00f6tt a munkav\u00e1llal\u00f3k eg\u00e9szs\u00e9ge \u00e9s biztons\u00e1ga, a kulcspoz\u00edci\u00f3ban l\u00e9v\u0151, fontos munkat\u00e1rsak megtart\u00e1sa.<\/p>\n<h2>Az egyik legnagyobb kock\u00e1zati t\u00e9nyez\u0151v\u00e9 v\u00e1lt a betegs\u00e9gek miatti hi\u00e1nyz\u00e1s.<\/h2>\n<p>A legfrissebb kutat\u00e1si adataink szerint 2021 nyar\u00e1nak k\u00fcsz\u00f6b\u00e9n a feh\u00e9rgall\u00e9ros (vagyis irodai) munkav\u00e1llal\u00f3k 35 %-a munkahelyv\u00e1lt\u00e1st fontolgat.<\/p>\n<p>Meglep\u0151 t\u00e9ny, de a t\u00e1vmunka b\u0171v\u00f6lete is er\u0151sen vesz\u00edtett a f\u00e9ny\u00e9b\u0151l.<\/p>\n<p><strong>Munkaad\u00f3k\u00e9nt mit tehet \u00d6n az\u00e9rt, hogy a folyamatos munkav\u00e9gz\u00e9st ne vesz\u00e9lyeztesse a pand\u00e9mia b\u00e1rmilyen fok\u00fa jelenl\u00e9te?<\/strong><\/p>\n<p>A konferenci\u00e1n elhangzott el\u0151ad\u00e1somban f\u0151k\u00e9nt ebb\u0151l a kiindul\u00f3pontb\u00f3l tekintve mutattam be, hogy milyen \u00faj trendeket hozott az eg\u00e9szs\u00e9gbiztos\u00edt\u00e1sok ter\u00e9n a koronav\u00edrus.<\/p>\n<h2>Mi\u00e9rt \u00e9rt\u00e9kel\u0151d\u00f6tt fel ennyire a munkav\u00e1llal\u00f3k sz\u00e1m\u00e1ra a v\u00e1llalati eg\u00e9szs\u00e9gbiztos\u00edt\u00e1s?<\/h2>\n<p>Az el\u0151ad\u00e1s els\u0151 fele f\u0151k\u00e9nt erre a k\u00e9rd\u00e9sre keresi a v\u00e1laszt. Ehhez fontos meg\u00e9rten\u00fcnk azt, hogy miben k\u00fcl\u00f6nleges az eg\u00e9szbiztos\u00edt\u00e1s m\u00e1s juttat\u00e1sokhoz, vagy m\u00e1s biztos\u00edt\u00e1si term\u00e9kekhez k\u00e9pest. Az eg\u00e9szs\u00e9gbiztos\u00edt\u00e1s ugyanis olyan \u201cbiztos\u00edt\u00e1s\u201d, amely nem p\u00e9nzt ad, hanem szolg\u00e1ltat\u00e1st.<\/p>\n<p>Az eg\u00e9szbiztos\u00edt\u00e1s m\u00e1sik nagy el\u0151nye, hogy akkor is lehet \u201c\u00e9lni vele\u201d, amikor valaki eg\u00e9szs\u00e9ges!<\/p>\n<p>Az adatok pedig azt mutatj\u00e1k, hogy a hazai munkav\u00e1llal\u00f3k el\u0151szeretettel haszn\u00e1lj\u00e1k is, azaz \u00e1tlagosan \u00e9vi k\u00f6zel 3 esetben is ig\u00e9nybe veszik valamelyik elem\u00e9t a sok k\u00f6z\u00fcl.<\/p>\n<p>\u00c9s ami pedig a \u201chab a tort\u00e1n\u201d: havi p\u00e1r ezer forintos r\u00e1ford\u00edt\u00e1ssal gyakorlatilag b\u00e1rmilyen eg\u00e9szs\u00e9g\u00fcgyi szolg\u00e1ltat\u00e1st el\u00e9rhet\u0151v\u00e9 tesz az \u00fcgyfelek sz\u00e1m\u00e1ra: az \u201c\u00e1llami\u201d eg\u00e9szs\u00e9g\u00fcgyh\u00f6z k\u00e9pest j\u00f3val magasabb sz\u00ednvonalon \u00e9s f\u0151k\u00e9nt v\u00e1rakoz\u00e1si id\u0151 n\u00e9lk\u00fcl.<\/p>\n<p>Az el\u0151ad\u00e1s tov\u00e1bbi r\u00e9sz\u00e9ben igyekeztem \u00e1tfog\u00f3 k\u00e9pet adni arr\u00f3l, hogy milyen t\u00edpus\u00fa szolg\u00e1ltat\u00e1sokat biztos\u00edtanak a k\u00fcl\u00f6nf\u00e9le eg\u00e9szs\u00e9gbiztos\u00edt\u00e1sok, illetve milyen \u00fajdons\u00e1gokkal, milyen extr\u00e1kkal b\u0151v\u00fcltek ezek a term\u00e9kek a koronav\u00edrus-j\u00e1rv\u00e1ny k\u00f6vetkezt\u00e9ben.<\/p>\n<p>A poszt-covid kivizsg\u00e1l\u00e1s az egyik legn\u00e9pszer\u0171bb eg\u00e9szs\u00e9gbiztos\u00edt\u00e1si extra szolg\u00e1ltat\u00e1s lett mind a panaszos, mind pedig a panaszmentes dolgoz\u00f3k sz\u00e1m\u00e1ra.<\/p>\n<p>Ezenk\u00edv\u00fcl sz\u00e1mos tov\u00e1bbi \u00fajdons\u00e1ggal is el\u00e9rhet\u0151:<\/p>\n<ul>\n<li>Ilyen p\u00e9ld\u00e1ul a s\u00fcrg\u0151ss\u00e9gi ell\u00e1t\u00e1s ig\u00e9nybe v\u00e9tele (ez kor\u00e1bban szinte teljesen kiz\u00e1rt volt a c\u00e9ges eg\u00e9szs\u00e9gbiztos\u00edt\u00e1si rendszerben), vagy a szabadon \u00f6ssze\u00e1ll\u00edthat\u00f3 sz\u0171r\u00e9si csomagok, az online id\u0151pontfoglal\u00e1s k\u00e9nyelmes lehet\u0151s\u00e9ge, a saj\u00e1t fekv\u0151beteg k\u00f3rh\u00e1z.<\/li>\n<li>Egyre t\u00f6bb biztos\u00edt\u00f3n\u00e1l lehets\u00e9ges a szolg\u00e1ltat\u00e1si k\u00f6rbe a teljes csal\u00e1dot is bevonni &#8211; a gyerekeket is bele\u00e9rtve. Leg\u00fajabb innov\u00e1ci\u00f3k\u00e9nt pedig m\u00e1r orvosi t\u00e1vkonzult\u00e1ci\u00f3t (k\u00f6zismert nev\u00e9n vide\u00f3doktort) \u00e9s nonstop, 0-24 \u00fczemben el\u00e9rhet\u0151 pszichol\u00f3giai tan\u00e1csad\u00e1st, call-centert is v\u00e1laszthatunk munkav\u00e1llal\u00f3ink sz\u00e1m\u00e1ra az eg\u00e9szs\u00e9gbiztos\u00edt\u00e1si csomagjukba.<\/li>\n<\/ul>\n<h2>Milyen k\u00f6lts\u00e9gei vannak egy ilyen ig\u00e9nyes \u00e9s n\u00e9pszer\u0171 eg\u00e9szs\u00e9gbiztos\u00edt\u00e1snak?<\/h2>\n<p>Nem akarom lel\u0151ni az \u00f6sszes po\u00e9nt (term\u00e9szetesen az el\u0151ad\u00e1s felv\u00e9tel\u00e9b\u0151l ez is pontosan ki fog der\u00fclni), de annyit el\u00e1rulhatunk azoknak, akik m\u00e9g csak most ismerkednek a mag\u00e1n-eg\u00e9szs\u00e9gbiztos\u00edt\u00e1s fogalm\u00e1val, hogy m\u00e1r havi 1 000 Ft-t\u00f3l is van v\u00e1laszthat\u00f3 csomag a k\u00edn\u00e1latban. A t\u00f6bbi pedig megtudhat\u00f3 az el\u0151ad\u00e1sb\u00f3l!<\/p>\n<div  class='av_promobox av-kgj6hdcm-ec80835b76c4d6d285237590c3f39231 avia-button-yes  avia-builder-el-0  avia-builder-el-no-sibling '><div class='avia-promocontent'><\/p>\n<h3><span style=\"font-weight: 400;\">Biztos, hogy a legjobb szolg\u00e1ltat\u00e1st v\u00e1lasztotta? N\u00e9zze meg \u00f6sszehasonl\u00edt\u00f3 <\/span><span style=\"font-weight: 400;\">t\u00e1bl\u00e1zatunkat!<\/span><\/h3>\n<p>\n<\/div><div  class='avia-button-wrap av-kgj6hdcm-d0c2d4bfcb3394a59ddc98ac61455496-wrap avia-button-right ' ><a href='https:\/\/balazsivan.hu\/egeszsegbiztositas-osszehasonlito\/?utm_source=blog&amp;utm_medium=textlink&amp;utm_term=oriasi-aremelkedes&amp;utm_content=oriasi-aremelkedes&amp;utm_campaign=blog-oriasi-aremelkedes' class='avia-button av-kgj6hdcm-d0c2d4bfcb3394a59ddc98ac61455496 avia-icon_select-no avia-size-large avia-position-right avia-color-theme-color' target=\"_blank\" rel=\"noopener noreferrer\"><span class='avia_iconbox_title' >Megn\u00e9zem!<\/span><\/a><\/div><\/div>\n","protected":false},"excerpt":{"rendered":"<p>A PP Konferencia \u00e1ltal szervezett KKV-AKAD\u00c9MIA m\u00e1jusi top-t\u00e9m\u00e1ja a koronav\u00edrus ut\u00e1ni id\u0151szak legfrissebb munkaer\u0151piaci trendjeinek elemz\u00e9se volt. A rendk\u00edv\u00fcl sz\u00ednvonalas konferencia \u00e1tfog\u00f3, tudom\u00e1nyos ig\u00e9nnyel, ugyanakkor a mindennapi gyakorlatban is j\u00f3l alkalmazhat\u00f3 tippekkel \u00e9s \u201cbest practice\u201d esettanulm\u00e1nyokkal igyekezett bemutatni a munkav\u00e9gz\u00e9s ter\u00e9n zajl\u00f3 paradigmav\u00e1lt\u00e1st. Megh\u00edvott el\u0151ad\u00f3k\u00e9nt, az eg\u00e9szs\u00e9gbiztos\u00edt\u00e1sok szak\u00e9rt\u0151jek\u00e9nt magam is r\u00e9szt vettem a rendezv\u00e9nyen, ahol [&hellip;]<\/p>\n","protected":false},"author":7,"featured_media":1488,"comment_status":"closed","ping_status":"closed","sticky":false,"template":"","format":"standard","meta":[],"categories":[36,39,40],"tags":[],"yoast_head":"<!-- This site is optimized with the Yoast SEO plugin v20.6 - https:\/\/yoast.com\/wordpress\/plugins\/seo\/ -->\n<title>Sz\u00e1mos \u00faj, extra szolg\u00e1ltat\u00e1ssal b\u0151v\u00fcltek az eg\u00e9szs\u00e9gbiztos\u00edt\u00e1sok - ez is a COVID eredm\u00e9nye - Bal\u00e1zs Iv\u00e1n - V\u00e1llalati eg\u00e9szs\u00e9gbiztos\u00edt\u00e1si szak\u00e9rt\u0151<\/title>\n<meta name=\"robots\" content=\"index, follow, max-snippet:-1, max-image-preview:large, max-video-preview:-1\" \/>\n<link rel=\"canonical\" href=\"http:\/\/balazsivan.hu\/en\/blog\/szamos-uj-extra-szolgaltatassal-bovultek-az-egeszsegbiztositasok-ez-is-a-covid-eredmenye\/\" \/>\n<meta property=\"og:locale\" content=\"en_US\" \/>\n<meta property=\"og:type\" content=\"article\" \/>\n<meta property=\"og:title\" content=\"Sz\u00e1mos \u00faj, extra szolg\u00e1ltat\u00e1ssal b\u0151v\u00fcltek az eg\u00e9szs\u00e9gbiztos\u00edt\u00e1sok - ez is a COVID eredm\u00e9nye - Bal\u00e1zs Iv\u00e1n - V\u00e1llalati eg\u00e9szs\u00e9gbiztos\u00edt\u00e1si szak\u00e9rt\u0151\" \/>\n<meta property=\"og:description\" content=\"A PP Konferencia \u00e1ltal szervezett KKV-AKAD\u00c9MIA m\u00e1jusi top-t\u00e9m\u00e1ja a koronav\u00edrus ut\u00e1ni id\u0151szak legfrissebb munkaer\u0151piaci trendjeinek elemz\u00e9se volt. A rendk\u00edv\u00fcl sz\u00ednvonalas konferencia \u00e1tfog\u00f3, tudom\u00e1nyos ig\u00e9nnyel, ugyanakkor a mindennapi gyakorlatban is j\u00f3l alkalmazhat\u00f3 tippekkel \u00e9s \u201cbest practice\u201d esettanulm\u00e1nyokkal igyekezett bemutatni a munkav\u00e9gz\u00e9s ter\u00e9n zajl\u00f3 paradigmav\u00e1lt\u00e1st. Megh\u00edvott el\u0151ad\u00f3k\u00e9nt, az eg\u00e9szs\u00e9gbiztos\u00edt\u00e1sok szak\u00e9rt\u0151jek\u00e9nt magam is r\u00e9szt vettem a rendezv\u00e9nyen, ahol [&hellip;]\" \/>\n<meta property=\"og:url\" content=\"http:\/\/balazsivan.hu\/en\/blog\/szamos-uj-extra-szolgaltatassal-bovultek-az-egeszsegbiztositasok-ez-is-a-covid-eredmenye\/\" \/>\n<meta property=\"og:site_name\" content=\"Bal\u00e1zs Iv\u00e1n - V\u00e1llalati eg\u00e9szs\u00e9gbiztos\u00edt\u00e1si szak\u00e9rt\u0151\" \/>\n<meta property=\"article:publisher\" content=\"https:\/\/www.facebook.com\/balazsivan0\" \/>\n<meta property=\"article:published_time\" content=\"2021-06-14T19:29:02+00:00\" \/>\n<meta property=\"article:modified_time\" content=\"2023-02-13T17:16:37+00:00\" \/>\n<meta property=\"og:image\" content=\"https:\/\/balazsivan.hu\/wp-content\/uploads\/2021\/06\/K\u00e9perny\u0151fot\u00f3-2021-06-14-20.27.40-1030x565.png\" \/>\n\t<meta property=\"og:image:width\" content=\"1030\" \/>\n\t<meta property=\"og:image:height\" content=\"565\" \/>\n\t<meta property=\"og:image:type\" content=\"image\/png\" \/>\n<meta name=\"author\" content=\"BLea\" \/>\n<meta name=\"twitter:card\" content=\"summary_large_image\" \/>\n<meta name=\"twitter:label1\" content=\"Written by\" \/>\n\t<meta name=\"twitter:data1\" content=\"BLea\" \/>\n\t<meta name=\"twitter:label2\" content=\"Est. reading time\" \/>\n\t<meta name=\"twitter:data2\" content=\"4 minutes\" \/>\n<script type=\"application\/ld+json\" class=\"yoast-schema-graph\">{\"@context\":\"https:\/\/schema.org\",\"@graph\":[{\"@type\":\"WebPage\",\"@id\":\"http:\/\/balazsivan.hu\/en\/blog\/szamos-uj-extra-szolgaltatassal-bovultek-az-egeszsegbiztositasok-ez-is-a-covid-eredmenye\/\",\"url\":\"http:\/\/balazsivan.hu\/en\/blog\/szamos-uj-extra-szolgaltatassal-bovultek-az-egeszsegbiztositasok-ez-is-a-covid-eredmenye\/\",\"name\":\"Sz\u00e1mos \u00faj, extra szolg\u00e1ltat\u00e1ssal b\u0151v\u00fcltek az eg\u00e9szs\u00e9gbiztos\u00edt\u00e1sok - ez is a COVID eredm\u00e9nye - Bal\u00e1zs Iv\u00e1n - V\u00e1llalati eg\u00e9szs\u00e9gbiztos\u00edt\u00e1si szak\u00e9rt\u0151\",\"isPartOf\":{\"@id\":\"https:\/\/balazsivan.hu\/en\/#website\"},\"datePublished\":\"2021-06-14T19:29:02+00:00\",\"dateModified\":\"2023-02-13T17:16:37+00:00\",\"author\":{\"@id\":\"https:\/\/balazsivan.hu\/en\/#\/schema\/person\/651c05d12eed6ee22b207e4798c3d970\"},\"breadcrumb\":{\"@id\":\"http:\/\/balazsivan.hu\/en\/blog\/szamos-uj-extra-szolgaltatassal-bovultek-az-egeszsegbiztositasok-ez-is-a-covid-eredmenye\/#breadcrumb\"},\"inLanguage\":\"en-US\",\"potentialAction\":[{\"@type\":\"ReadAction\",\"target\":[\"http:\/\/balazsivan.hu\/en\/blog\/szamos-uj-extra-szolgaltatassal-bovultek-az-egeszsegbiztositasok-ez-is-a-covid-eredmenye\/\"]}]},{\"@type\":\"BreadcrumbList\",\"@id\":\"http:\/\/balazsivan.hu\/en\/blog\/szamos-uj-extra-szolgaltatassal-bovultek-az-egeszsegbiztositasok-ez-is-a-covid-eredmenye\/#breadcrumb\",\"itemListElement\":[{\"@type\":\"ListItem\",\"position\":1,\"name\":\"Home\",\"item\":\"https:\/\/balazsivan.hu\/en\/\"},{\"@type\":\"ListItem\",\"position\":2,\"name\":\"Sz\u00e1mos \u00faj, extra szolg\u00e1ltat\u00e1ssal b\u0151v\u00fcltek az eg\u00e9szs\u00e9gbiztos\u00edt\u00e1sok &#8211; ez is a COVID eredm\u00e9nye\"}]},{\"@type\":\"WebSite\",\"@id\":\"https:\/\/balazsivan.hu\/en\/#website\",\"url\":\"https:\/\/balazsivan.hu\/en\/\",\"name\":\"Bal\u00e1zs Iv\u00e1n - V\u00e1llalati eg\u00e9szs\u00e9gbiztos\u00edt\u00e1si szak\u00e9rt\u0151\",\"description\":\"V\u00e1llalati eg\u00e9szs\u00e9gbiztos\u00edt\u00e1si szak\u00e9rt\u0151\",\"potentialAction\":[{\"@type\":\"SearchAction\",\"target\":{\"@type\":\"EntryPoint\",\"urlTemplate\":\"https:\/\/balazsivan.hu\/en\/?s={search_term_string}\"},\"query-input\":\"required name=search_term_string\"}],\"inLanguage\":\"en-US\"},{\"@type\":\"Person\",\"@id\":\"https:\/\/balazsivan.hu\/en\/#\/schema\/person\/651c05d12eed6ee22b207e4798c3d970\",\"name\":\"BLea\",\"image\":{\"@type\":\"ImageObject\",\"inLanguage\":\"en-US\",\"@id\":\"https:\/\/balazsivan.hu\/en\/#\/schema\/person\/image\/\",\"url\":\"https:\/\/secure.gravatar.com\/avatar\/5f6cfbb3811035c6339a82db9c0dbeb4?s=96&d=mm&r=g\",\"contentUrl\":\"https:\/\/secure.gravatar.com\/avatar\/5f6cfbb3811035c6339a82db9c0dbeb4?s=96&d=mm&r=g\",\"caption\":\"BLea\"},\"url\":\"https:\/\/balazsivan.hu\/en\/author\/blea\/\"}]}<\/script>\n<!-- \/ Yoast SEO plugin. -->","yoast_head_json":{"title":"Sz\u00e1mos \u00faj, extra szolg\u00e1ltat\u00e1ssal b\u0151v\u00fcltek az eg\u00e9szs\u00e9gbiztos\u00edt\u00e1sok - ez is a COVID eredm\u00e9nye - Bal\u00e1zs Iv\u00e1n - V\u00e1llalati eg\u00e9szs\u00e9gbiztos\u00edt\u00e1si szak\u00e9rt\u0151","robots":{"index":"index","follow":"follow","max-snippet":"max-snippet:-1","max-image-preview":"max-image-preview:large","max-video-preview":"max-video-preview:-1"},"canonical":"http:\/\/balazsivan.hu\/en\/blog\/szamos-uj-extra-szolgaltatassal-bovultek-az-egeszsegbiztositasok-ez-is-a-covid-eredmenye\/","og_locale":"en_US","og_type":"article","og_title":"Sz\u00e1mos \u00faj, extra szolg\u00e1ltat\u00e1ssal b\u0151v\u00fcltek az eg\u00e9szs\u00e9gbiztos\u00edt\u00e1sok - ez is a COVID eredm\u00e9nye - Bal\u00e1zs Iv\u00e1n - V\u00e1llalati eg\u00e9szs\u00e9gbiztos\u00edt\u00e1si szak\u00e9rt\u0151","og_description":"A PP Konferencia \u00e1ltal szervezett KKV-AKAD\u00c9MIA m\u00e1jusi top-t\u00e9m\u00e1ja a koronav\u00edrus ut\u00e1ni id\u0151szak legfrissebb munkaer\u0151piaci trendjeinek elemz\u00e9se volt. A rendk\u00edv\u00fcl sz\u00ednvonalas konferencia \u00e1tfog\u00f3, tudom\u00e1nyos ig\u00e9nnyel, ugyanakkor a mindennapi gyakorlatban is j\u00f3l alkalmazhat\u00f3 tippekkel \u00e9s \u201cbest practice\u201d esettanulm\u00e1nyokkal igyekezett bemutatni a munkav\u00e9gz\u00e9s ter\u00e9n zajl\u00f3 paradigmav\u00e1lt\u00e1st. Megh\u00edvott el\u0151ad\u00f3k\u00e9nt, az eg\u00e9szs\u00e9gbiztos\u00edt\u00e1sok szak\u00e9rt\u0151jek\u00e9nt magam is r\u00e9szt vettem a rendezv\u00e9nyen, ahol [&hellip;]","og_url":"http:\/\/balazsivan.hu\/en\/blog\/szamos-uj-extra-szolgaltatassal-bovultek-az-egeszsegbiztositasok-ez-is-a-covid-eredmenye\/","og_site_name":"Bal\u00e1zs Iv\u00e1n - V\u00e1llalati eg\u00e9szs\u00e9gbiztos\u00edt\u00e1si szak\u00e9rt\u0151","article_publisher":"https:\/\/www.facebook.com\/balazsivan0","article_published_time":"2021-06-14T19:29:02+00:00","article_modified_time":"2023-02-13T17:16:37+00:00","og_image":[{"width":1030,"height":565,"url":"https:\/\/balazsivan.hu\/wp-content\/uploads\/2021\/06\/K\u00e9perny\u0151fot\u00f3-2021-06-14-20.27.40-1030x565.png","type":"image\/png"}],"author":"BLea","twitter_card":"summary_large_image","twitter_misc":{"Written by":"BLea","Est. reading time":"4 minutes"},"schema":{"@context":"https:\/\/schema.org","@graph":[{"@type":"WebPage","@id":"http:\/\/balazsivan.hu\/en\/blog\/szamos-uj-extra-szolgaltatassal-bovultek-az-egeszsegbiztositasok-ez-is-a-covid-eredmenye\/","url":"http:\/\/balazsivan.hu\/en\/blog\/szamos-uj-extra-szolgaltatassal-bovultek-az-egeszsegbiztositasok-ez-is-a-covid-eredmenye\/","name":"Sz\u00e1mos \u00faj, extra szolg\u00e1ltat\u00e1ssal b\u0151v\u00fcltek az eg\u00e9szs\u00e9gbiztos\u00edt\u00e1sok - ez is a COVID eredm\u00e9nye - Bal\u00e1zs Iv\u00e1n - V\u00e1llalati eg\u00e9szs\u00e9gbiztos\u00edt\u00e1si szak\u00e9rt\u0151","isPartOf":{"@id":"https:\/\/balazsivan.hu\/en\/#website"},"datePublished":"2021-06-14T19:29:02+00:00","dateModified":"2023-02-13T17:16:37+00:00","author":{"@id":"https:\/\/balazsivan.hu\/en\/#\/schema\/person\/651c05d12eed6ee22b207e4798c3d970"},"breadcrumb":{"@id":"http:\/\/balazsivan.hu\/en\/blog\/szamos-uj-extra-szolgaltatassal-bovultek-az-egeszsegbiztositasok-ez-is-a-covid-eredmenye\/#breadcrumb"},"inLanguage":"en-US","potentialAction":[{"@type":"ReadAction","target":["http:\/\/balazsivan.hu\/en\/blog\/szamos-uj-extra-szolgaltatassal-bovultek-az-egeszsegbiztositasok-ez-is-a-covid-eredmenye\/"]}]},{"@type":"BreadcrumbList","@id":"http:\/\/balazsivan.hu\/en\/blog\/szamos-uj-extra-szolgaltatassal-bovultek-az-egeszsegbiztositasok-ez-is-a-covid-eredmenye\/#breadcrumb","itemListElement":[{"@type":"ListItem","position":1,"name":"Home","item":"https:\/\/balazsivan.hu\/en\/"},{"@type":"ListItem","position":2,"name":"Sz\u00e1mos \u00faj, extra szolg\u00e1ltat\u00e1ssal b\u0151v\u00fcltek az eg\u00e9szs\u00e9gbiztos\u00edt\u00e1sok &#8211; ez is a COVID eredm\u00e9nye"}]},{"@type":"WebSite","@id":"https:\/\/balazsivan.hu\/en\/#website","url":"https:\/\/balazsivan.hu\/en\/","name":"Bal\u00e1zs Iv\u00e1n - V\u00e1llalati eg\u00e9szs\u00e9gbiztos\u00edt\u00e1si szak\u00e9rt\u0151","description":"V\u00e1llalati eg\u00e9szs\u00e9gbiztos\u00edt\u00e1si szak\u00e9rt\u0151","potentialAction":[{"@type":"SearchAction","target":{"@type":"EntryPoint","urlTemplate":"https:\/\/balazsivan.hu\/en\/?s={search_term_string}"},"query-input":"required name=search_term_string"}],"inLanguage":"en-US"},{"@type":"Person","@id":"https:\/\/balazsivan.hu\/en\/#\/schema\/person\/651c05d12eed6ee22b207e4798c3d970","name":"BLea","image":{"@type":"ImageObject","inLanguage":"en-US","@id":"https:\/\/balazsivan.hu\/en\/#\/schema\/person\/image\/","url":"https:\/\/secure.gravatar.com\/avatar\/5f6cfbb3811035c6339a82db9c0dbeb4?s=96&d=mm&r=g","contentUrl":"https:\/\/secure.gravatar.com\/avatar\/5f6cfbb3811035c6339a82db9c0dbeb4?s=96&d=mm&r=g","caption":"BLea"},"url":"https:\/\/balazsivan.hu\/en\/author\/blea\/"}]}},"_links":{"self":[{"href":"https:\/\/balazsivan.hu\/en\/wp-json\/wp\/v2\/posts\/1525"}],"collection":[{"href":"https:\/\/balazsivan.hu\/en\/wp-json\/wp\/v2\/posts"}],"about":[{"href":"https:\/\/balazsivan.hu\/en\/wp-json\/wp\/v2\/types\/post"}],"author":[{"embeddable":true,"href":"https:\/\/balazsivan.hu\/en\/wp-json\/wp\/v2\/users\/7"}],"replies":[{"embeddable":true,"href":"https:\/\/balazsivan.hu\/en\/wp-json\/wp\/v2\/comments?post=1525"}],"version-history":[{"count":3,"href":"https:\/\/balazsivan.hu\/en\/wp-json\/wp\/v2\/posts\/1525\/revisions"}],"predecessor-version":[{"id":1536,"href":"https:\/\/balazsivan.hu\/en\/wp-json\/wp\/v2\/posts\/1525\/revisions\/1536"}],"wp:featuredmedia":[{"embeddable":true,"href":"https:\/\/balazsivan.hu\/en\/wp-json\/wp\/v2\/media\/1488"}],"wp:attachment":[{"href":"https:\/\/balazsivan.hu\/en\/wp-json\/wp\/v2\/media?parent=1525"}],"wp:term":[{"taxonomy":"category","embeddable":true,"href":"https:\/\/balazsivan.hu\/en\/wp-json\/wp\/v2\/categories?post=1525"},{"taxonomy":"post_tag","embeddable":true,"href":"https:\/\/balazsivan.hu\/en\/wp-json\/wp\/v2\/tags?post=1525"}],"curies":[{"name":"wp","href":"https:\/\/api.w.org\/{rel}","templated":true}]}}