{"id":1522,"date":"2021-11-06T12:46:10","date_gmt":"2021-11-06T12:46:10","guid":{"rendered":"https:\/\/balazsivan.hu\/elszabadultak-az-arak-a-magyar-egeszsegbiztositasi-piacon-ime-a-biztositok-kinalata\/"},"modified":"2023-02-13T17:16:25","modified_gmt":"2023-02-13T17:16:25","slug":"elszabadultak-az-arak-a-magyar-egeszsegbiztositasi-piacon-ime-a-biztositok-kinalata","status":"publish","type":"post","link":"http:\/\/balazsivan.hu\/en\/blog\/elszabadultak-az-arak-a-magyar-egeszsegbiztositasi-piacon-ime-a-biztositok-kinalata\/","title":{"rendered":"Elszabadultak az \u00e1rak a magyar eg\u00e9szs\u00e9gbiztos\u00edt\u00e1si piacon, \u00edme a biztos\u00edt\u00f3k k\u00edn\u00e1lata"},"content":{"rendered":"<p>Sokan \u00fagy v\u00e9lik, a Covid r\u00e1k\u00e9nyszer\u00edtette a c\u00e9gvezet\u0151ket arra, hogy foglalkozzanak a munkav\u00e1llal\u00f3k eg\u00e9szs\u00e9g\u00e9vel. Szomor\u00fa ez az aprop\u00f3, de \u00e9ppen itt volt az ideje, hogy a d\u00f6nt\u00e9shoz\u00f3k felismerj\u00e9k: eg\u00e9szs\u00e9ges munkav\u00e1llal\u00f3 n\u00e9lk\u00fcl nincs eg\u00e9szs\u00e9ges v\u00e1llalat. L\u00e1ssuk, milyen eg\u00e9szs\u00e9gbiztos\u00edt\u00e1sokat k\u00edn\u00e1lnak most nekik a magyar biztos\u00edt\u00f3k!<\/p>\n<p>Sz\u00e1mtalan kutat\u00e1st olvastam, rengeteg konferenci\u00e1n j\u00e1rtam \u00e9s t\u00f6bb sz\u00e1z HR-essel besz\u00e9ltem az elm\u00falt id\u0151szakban. Szinte egys\u00e9gesek a kih\u00edv\u00e1sok \u00e9s a feladatok, kiemelek p\u00e1rat:<\/p>\n<ul>\n<li>alak\u00edtsuk \u00e1t a juttat\u00e1si rendszert \u00fagy, hogy a ment\u00e1lis \u00e9s fizikai eg\u00e9szs\u00e9g sokkal nagyobb szerepet kapjon,<\/li>\n<li>legy\u00fcnk vonz\u00f3 munkahely, hogy minket v\u00e1lasszon a leend\u0151 munkav\u00e1llal\u00f3,<\/li>\n<li>legyen olyan munkav\u00e1llal\u00f3i \u00e9lm\u00e9ny, amivel cs\u00f6kkenthet\u0151 a fluktu\u00e1ci\u00f3.<\/li>\n<\/ul>\n<p>Majdnem lehetetlen k\u00fcldet\u00e9snek tartom, hogy egy HR-csapat kezelni tudjon 15-20%-os fluktu\u00e1ci\u00f3t. Ezekre az extr\u00e9m helyzetekre k\u00fcl\u00f6nleges megold\u00e1sokat kell kital\u00e1lni. Am\u00edg egy c\u00e9g csak p\u00e1r sz\u00e1zal\u00e9kot akar v\u00e1ltoztatni egy mutat\u00f3j\u00e1n, addig csak kicsit kell jobban csin\u00e1lni az adott feladatot, de a jelenlegi piaci k\u00f6r\u00fclm\u00e9nyek k\u00f6z\u00f6tt nem jobban, hanem m\u00e1sk\u00e9nt sz\u00fcks\u00e9ges egy-egy kih\u00edv\u00e1st kezelni.<\/p>\n<p>Az extr\u00e9m kih\u00edv\u00e1sok az eg\u00e9szs\u00e9g\u00fcgyi ell\u00e1t\u00e1sban is jelen vannak. A mag\u00e1n-eg\u00e9szs\u00e9g\u00fcgyi piacon folyamatos az \u00e1remelked\u00e9s, ami az eg\u00e9szs\u00e9gbiztos\u00edt\u00e1sok d\u00edj\u00e1t is jelent\u0151sen \u00e9rinti. Azok az alapszolg\u00e1ltat\u00e1sok, amelyek m\u00e9g p\u00e1r \u00e9vvel ezel\u0151tt havi 4-5 ezer forint\u00e9rt el\u00e9rhet\u0151ek voltak fejenk\u00e9nt, ma m\u00e1r 7-11 ezer\u00e9rt ker\u00fclnek kiaj\u00e1nl\u00e1sra, amikor egy-egy v\u00e1llalat megb\u00edz\u00e1s\u00e1b\u00f3l \u00f6sszehasonl\u00edt\u00e1sokat v\u00e9gzek.<\/p>\n<p>A napokban kapt\u00e1k k\u00e9zhez a m\u00e1r megl\u00e9v\u0151 \u00fcgyfelek is az \u00e9vfordul\u00f3s \u00e9rtes\u00edt\u0151j\u00fcket. M\u00e1r m\u00e1sodik \u00e9ve szerencs\u00e9snek mondhatja mag\u00e1t az a kev\u00e9s \u00fcgyf\u00e9l, aki nem kapott legal\u00e1bb 10%-os index\u00e1l\u00e1si javaslatot biztos\u00edt\u00f3j\u00e1t\u00f3l. Nem ritk\u00e1k azonban a 30-50 %-os d\u00edjemel\u00e9sek sem. Ezekre reag\u00e1lni alig maradt p\u00e1r napja a c\u00e9geknek.<\/p>\n<p>Mi\u00e9rt emelkednek ennyire az eg\u00e9szs\u00e9gbiztos\u00edt\u00e1si d\u00edjak?<\/p>\n<ul>\n<li>Megjelent id\u00e9n egy \u00faj t\u00f6rv\u00e9ny, ami sok orvost v\u00e1laszt\u00e1s el\u00e9 \u00e1ll\u00edtott, hogy a mag\u00e1n vagy az \u00e1llami szektorban k\u00edv\u00e1n gy\u00f3gy\u00edtani,<\/li>\n<li>jelent\u0151sen emelkednek az orvosi b\u00e9rek az \u00e1llami \u00e9s a mag\u00e1nszektorban is,<\/li>\n<li>n\u00f6veked\u0151 v\u00e1r\u00f3list\u00e1k vannak az \u00e1llami eg\u00e9szs\u00e9g\u00fcgyben, ami a mag\u00e1n piacra tereli a betegeket,<\/li>\n<li>egyre tudatosabbak a munkav\u00e1llal\u00f3k az eg\u00e9szs\u00e9gbiztos\u00edt\u00e1sok haszn\u00e1lat\u00e1ban,<\/li>\n<li>az infl\u00e1ci\u00f3i is r\u00e1tesz m\u00e9g egy lap\u00e1ttal,<\/li>\n<li>az d\u00edjemel\u00e9si trend nem \u00e1ll meg, \u00edgy el\u0151re be\u00e1razz\u00e1k a j\u00f6v\u0151 \u00e9vi emel\u00e9seket is.<\/li>\n<\/ul>\n<p>Foglalkozzon a c\u00e9g a munkav\u00e1llal\u00f3 gy\u00f3gyul\u00e1s\u00e1val?<\/p>\n<p>A mag\u00e1nklinik\u00e1k \u00e1remel\u00e9seinek nyilv\u00e1nval\u00f3 k\u00f6vetkezm\u00e9nye, hogy ezt az eg\u00e9szs\u00e9gbiztos\u00edt\u00e1si d\u00edjak is lek\u00f6vetik. Mag\u00e1nszem\u00e9lyk\u00e9nt eg\u00e9szs\u00e9gbiztos\u00edt\u00e1st v\u00e1s\u00e1rolni \u00e9ppen ez\u00e9rt szint\u00e9n egyre nagyobb kih\u00edv\u00e1st jelent. A fentiek hat\u00e1s\u00e1ra egyre nehezebb helyzetben van az egy\u00e9n, amikor eg\u00e9szs\u00e9g\u00fcgyi probl\u00e9m\u00e1i vannak, hiszen nemcsak az ell\u00e1t\u00e1s megszervez\u00e9s\u00e9vel kell megk\u00fczdenie, hanem komoly anyagi neh\u00e9zs\u00e9gekbe is \u00fctk\u00f6zik kivizsg\u00e1ltatnia mag\u00e1t, majd meggy\u00f3gyulnia. Vajon a koll\u00e9ga kap seg\u00edts\u00e9get munk\u00e1ltat\u00f3j\u00e1t\u00f3l? Hiszen a gyors gy\u00f3gyul\u00e1s k\u00f6z\u00f6s \u00e9rdek.<\/p>\n<p>Sok v\u00e1llalat r\u00e1j\u00f6tt arra is, hogy fontos a prevenci\u00f3, de seg\u00edteni kellene a munkav\u00e1llal\u00f3t akkor is, amikor kider\u00fcl, hogy a kivizsg\u00e1l\u00e1son valamilyen eg\u00e9szs\u00e9g\u00fcgyi probl\u00e9m\u00e1ja van.<\/p>\n<p>A c\u00e9gek\u00e9rt versenyz\u0151 eg\u00e9szs\u00e9gbiztos\u00edt\u00e1si szerepl\u0151k id\u00e9n eggyel t\u00f6bben lesznek: bel\u00e9pett a CIG Pann\u00f3nia is erre a piacra. Jelenleg a term\u00e9k v\u00e9gleges\u00edt\u00e9se zajlik \u00e9s a pontos \u00e1raz\u00e1sa, ami nem lehet k\u00f6nny\u0171. Az id\u0151z\u00edt\u00e9s azonban kiv\u00e1l\u00f3, hiszen jelenleg a szolg\u00e1ltat\u00e1s ir\u00e1nt a kereslet robban\u00e1sszer\u0171 n\u00f6veked\u00e9sen megy \u00e1t. Az al\u00e1bb l\u00e1that\u00f3 \u00faj t\u00e1bl\u00e1zatomban \u00edgy m\u00e1r sz\u00e9p sz\u00e1mban hasonl\u00edtottam \u00f6ssze magas szint\u0171 szolg\u00e1ltat\u00e1st ny\u00fajt\u00f3 v\u00e1llalati eg\u00e9szs\u00e9gbiztos\u00edt\u00e1sokat:<\/p>\n<p><iframe loading=\"lazy\" style=\"border: 1px solid #CCC; border-width: 1px; margin-bottom: 5px; max-width: 100%;\" src=\"\/\/www.slideshare.net\/slideshow\/embed_code\/key\/yqI2muv7oPx64o\" width=\"595\" height=\"485\" frameborder=\"0\" marginwidth=\"0\" marginheight=\"0\" scrolling=\"no\" allowfullscreen=\"allowfullscreen\"> <\/iframe><\/p>\n<div style=\"margin-bottom: 5px;\"><\/div>\n<p>A t\u00e1bl\u00e1zatb\u00f3l kimarad\u00f3 szolg\u00e1ltat\u00f3kn\u00e1l a szolg\u00e1ltat\u00e1si sz\u00ednvonal szint\u00e9n magas, jellemz\u0151en az\u00e9rt nem ker\u00fcltek be, mert vagy egy mag\u00e1nklinika saj\u00e1t term\u00e9k\u00e9r\u0151l van sz\u00f3, vagy nemzetk\u00f6zi szolg\u00e1ltat\u00e1st ny\u00fajtanak, aminek az \u00e1raz\u00e1sa \u00e9s a tartalma is jelent\u0151sen elt\u00e9r\u0151 a t\u00f6bbiek\u00e9t\u0151l.<\/p>\n<p>A v\u00e1llalatok k\u00e9r\u00e9s\u00e9re manaps\u00e1g a legfontosabb \u00f6sszehasonl\u00edt\u00e1si szempontok a k\u00f6vetkez\u0151k szoktak lenni:<\/p>\n<ul>\n<li>csal\u00e1dtagok csatlakoz\u00e1s\u00e1nak a felt\u00e9telei: milyen \u00e1ron \u00e9s az el\u0151zm\u00e9nybetegs\u00e9gek milyen szint\u0171 v\u00e1llal\u00e1s\u00e1val l\u00e9phetnek be a hozz\u00e1tartoz\u00f3k,<\/li>\n<li>a munkav\u00e1llal\u00f3kra vonatkoz\u00f3 el\u0151zm\u00e9nybetegs\u00e9gek v\u00e1llal\u00e1sa pontosan mire terjed ki,<\/li>\n<li>hogy vehet\u0151 ig\u00e9nybe ell\u00e1t\u00e1s nem szerz\u0151d\u00f6tt partnerekn\u00e9l,<\/li>\n<li>milyen sz\u00ednvonal\u00fa az \u00fcgyf\u00e9lport\u00e1l \u00e9s milyen a munkav\u00e1llal\u00f3 \u00e9lm\u00e9ny.<\/li>\n<\/ul>\n<p>\u00d6sszefoglalva: a kih\u00edv\u00e1sok nem lettek kisebbek a d\u00f6nt\u00e9shoz\u00f3k sz\u00e1m\u00e1ra. Vonz\u00f3bb\u00e1 kell tenni a munkahelyet, amihez \u00fajra kell gombolni a juttat\u00e1sokat \u00e9s sok m\u00e1s int\u00e9zked\u00e9s is sz\u00fcks\u00e9ges. A munkav\u00e1llal\u00f3k eg\u00e9szs\u00e9ge sokkal fontosabb lett, mint kor\u00e1bban, \u00e9s amennyiben egy c\u00e9g nem seg\u00edti a gy\u00f3gyul\u00e1sban a saj\u00e1t koll\u00e9g\u00e1j\u00e1t, azzal a saj\u00e1t termel\u00e9s\u00e9t \u00e9s szolg\u00e1ltat\u00e1si sz\u00ednvonal\u00e1t is vesz\u00e9lybe sodorhatja. Szerencs\u00e9re egyre t\u00f6bb szerepl\u0151 versenyez a c\u00e9gek kegyei\u00e9rt. Versenyeztet\u00e9ssel \u00e9s egy j\u00f3 szerepl\u0151 kiv\u00e1laszt\u00e1s\u00e1val \u00f3ri\u00e1si l\u00e9p\u00e9st tehet egy v\u00e1llalat a munkav\u00e1llal\u00f3k eg\u00e9szs\u00e9g\u00e9\u00e9rt, ami v\u00e9gs\u0151 soron mindenkinek meg\u00e9ri. V\u00e9g\u00fcl is mi fontosabb van az eg\u00e9szs\u00e9gn\u00e9l?<\/p>\n<p>A cikk eredetileg a <a href=\"https:\/\/www.portfolio.hu\/uzlet\/20211105\/elszabadultak-az-arak-a-magyar-egeszsegbiztositasi-piacon-ime-a-biztositok-kinalata-509148\">Portf\u00f3li\u00f3.hu<\/a> oldalon jelent meg.<\/p>\n<div style=\"margin-bottom: 5px;\"><\/div>\n<div  class='av_promobox av-kgj6hdcm-ec80835b76c4d6d285237590c3f39231 avia-button-yes  avia-builder-el-0  avia-builder-el-no-sibling '><div class='avia-promocontent'><\/p>\n<h3><span style=\"font-weight: 400;\">Biztos, hogy a legjobb szolg\u00e1ltat\u00e1st v\u00e1lasztotta? N\u00e9zze meg \u00f6sszehasonl\u00edt\u00f3 <\/span><span style=\"font-weight: 400;\">t\u00e1bl\u00e1zatunkat!<\/span><\/h3>\n<p>\n<\/div><div  class='avia-button-wrap av-kgj6hdcm-d0c2d4bfcb3394a59ddc98ac61455496-wrap avia-button-right ' ><a href='https:\/\/balazsivan.hu\/egeszsegbiztositas-osszehasonlito\/?utm_source=blog&amp;utm_medium=textlink&amp;utm_term=oriasi-aremelkedes&amp;utm_content=oriasi-aremelkedes&amp;utm_campaign=blog-oriasi-aremelkedes' class='avia-button av-kgj6hdcm-d0c2d4bfcb3394a59ddc98ac61455496 avia-icon_select-no avia-size-large avia-position-right avia-color-theme-color' target=\"_blank\" rel=\"noopener noreferrer\"><span class='avia_iconbox_title' >Megn\u00e9zem!<\/span><\/a><\/div><\/div>\n","protected":false},"excerpt":{"rendered":"<p>Sokan \u00fagy v\u00e9lik, a Covid r\u00e1k\u00e9nyszer\u00edtette a c\u00e9gvezet\u0151ket arra, hogy foglalkozzanak a munkav\u00e1llal\u00f3k eg\u00e9szs\u00e9g\u00e9vel. Szomor\u00fa ez az aprop\u00f3, de \u00e9ppen itt volt az ideje, hogy a d\u00f6nt\u00e9shoz\u00f3k felismerj\u00e9k: eg\u00e9szs\u00e9ges munkav\u00e1llal\u00f3 n\u00e9lk\u00fcl nincs eg\u00e9szs\u00e9ges v\u00e1llalat. L\u00e1ssuk, milyen eg\u00e9szs\u00e9gbiztos\u00edt\u00e1sokat k\u00edn\u00e1lnak most nekik a magyar biztos\u00edt\u00f3k! Sz\u00e1mtalan kutat\u00e1st olvastam, rengeteg konferenci\u00e1n j\u00e1rtam \u00e9s t\u00f6bb sz\u00e1z HR-essel besz\u00e9ltem az [&hellip;]<\/p>\n","protected":false},"author":5,"featured_media":1490,"comment_status":"closed","ping_status":"closed","sticky":false,"template":"","format":"standard","meta":[],"categories":[39],"tags":[],"yoast_head":"<!-- This site is optimized with the Yoast SEO plugin v20.6 - https:\/\/yoast.com\/wordpress\/plugins\/seo\/ -->\n<title>Elszabadultak az \u00e1rak a magyar eg\u00e9szs\u00e9gbiztos\u00edt\u00e1si piacon, \u00edme a biztos\u00edt\u00f3k k\u00edn\u00e1lata - Bal\u00e1zs Iv\u00e1n - V\u00e1llalati eg\u00e9szs\u00e9gbiztos\u00edt\u00e1si szak\u00e9rt\u0151<\/title>\n<meta name=\"robots\" content=\"index, follow, max-snippet:-1, max-image-preview:large, max-video-preview:-1\" \/>\n<link rel=\"canonical\" href=\"http:\/\/balazsivan.hu\/en\/blog\/elszabadultak-az-arak-a-magyar-egeszsegbiztositasi-piacon-ime-a-biztositok-kinalata\/\" \/>\n<meta property=\"og:locale\" content=\"en_US\" \/>\n<meta property=\"og:type\" content=\"article\" \/>\n<meta property=\"og:title\" content=\"Elszabadultak az \u00e1rak a magyar eg\u00e9szs\u00e9gbiztos\u00edt\u00e1si piacon, \u00edme a biztos\u00edt\u00f3k k\u00edn\u00e1lata - Bal\u00e1zs Iv\u00e1n - V\u00e1llalati eg\u00e9szs\u00e9gbiztos\u00edt\u00e1si szak\u00e9rt\u0151\" \/>\n<meta property=\"og:description\" content=\"Sokan \u00fagy v\u00e9lik, a Covid r\u00e1k\u00e9nyszer\u00edtette a c\u00e9gvezet\u0151ket arra, hogy foglalkozzanak a munkav\u00e1llal\u00f3k eg\u00e9szs\u00e9g\u00e9vel. Szomor\u00fa ez az aprop\u00f3, de \u00e9ppen itt volt az ideje, hogy a d\u00f6nt\u00e9shoz\u00f3k felismerj\u00e9k: eg\u00e9szs\u00e9ges munkav\u00e1llal\u00f3 n\u00e9lk\u00fcl nincs eg\u00e9szs\u00e9ges v\u00e1llalat. L\u00e1ssuk, milyen eg\u00e9szs\u00e9gbiztos\u00edt\u00e1sokat k\u00edn\u00e1lnak most nekik a magyar biztos\u00edt\u00f3k! Sz\u00e1mtalan kutat\u00e1st olvastam, rengeteg konferenci\u00e1n j\u00e1rtam \u00e9s t\u00f6bb sz\u00e1z HR-essel besz\u00e9ltem az [&hellip;]\" \/>\n<meta property=\"og:url\" content=\"http:\/\/balazsivan.hu\/en\/blog\/elszabadultak-az-arak-a-magyar-egeszsegbiztositasi-piacon-ime-a-biztositok-kinalata\/\" \/>\n<meta property=\"og:site_name\" content=\"Bal\u00e1zs Iv\u00e1n - V\u00e1llalati eg\u00e9szs\u00e9gbiztos\u00edt\u00e1si szak\u00e9rt\u0151\" \/>\n<meta property=\"article:publisher\" content=\"https:\/\/www.facebook.com\/balazsivan0\" \/>\n<meta property=\"article:published_time\" content=\"2021-11-06T12:46:10+00:00\" \/>\n<meta property=\"article:modified_time\" content=\"2023-02-13T17:16:25+00:00\" \/>\n<meta property=\"og:image\" content=\"https:\/\/balazsivan.hu\/wp-content\/uploads\/2021\/11\/pexels-gustavo-fring-4173239-1030x687.jpg\" \/>\n\t<meta property=\"og:image:width\" content=\"1030\" \/>\n\t<meta property=\"og:image:height\" content=\"687\" \/>\n\t<meta property=\"og:image:type\" content=\"image\/jpeg\" \/>\n<meta name=\"author\" content=\"RBLMarketing\" \/>\n<meta name=\"twitter:card\" content=\"summary_large_image\" \/>\n<meta name=\"twitter:label1\" content=\"Written by\" \/>\n\t<meta name=\"twitter:data1\" content=\"RBLMarketing\" \/>\n\t<meta name=\"twitter:label2\" content=\"Est. reading time\" \/>\n\t<meta name=\"twitter:data2\" content=\"4 minutes\" \/>\n<script type=\"application\/ld+json\" class=\"yoast-schema-graph\">{\"@context\":\"https:\/\/schema.org\",\"@graph\":[{\"@type\":\"WebPage\",\"@id\":\"http:\/\/balazsivan.hu\/en\/blog\/elszabadultak-az-arak-a-magyar-egeszsegbiztositasi-piacon-ime-a-biztositok-kinalata\/\",\"url\":\"http:\/\/balazsivan.hu\/en\/blog\/elszabadultak-az-arak-a-magyar-egeszsegbiztositasi-piacon-ime-a-biztositok-kinalata\/\",\"name\":\"Elszabadultak az \u00e1rak a magyar eg\u00e9szs\u00e9gbiztos\u00edt\u00e1si piacon, \u00edme a biztos\u00edt\u00f3k k\u00edn\u00e1lata - Bal\u00e1zs Iv\u00e1n - V\u00e1llalati eg\u00e9szs\u00e9gbiztos\u00edt\u00e1si szak\u00e9rt\u0151\",\"isPartOf\":{\"@id\":\"https:\/\/balazsivan.hu\/en\/#website\"},\"datePublished\":\"2021-11-06T12:46:10+00:00\",\"dateModified\":\"2023-02-13T17:16:25+00:00\",\"author\":{\"@id\":\"https:\/\/balazsivan.hu\/en\/#\/schema\/person\/b641fa7aa2265e64c173d7f170e3aa80\"},\"breadcrumb\":{\"@id\":\"http:\/\/balazsivan.hu\/en\/blog\/elszabadultak-az-arak-a-magyar-egeszsegbiztositasi-piacon-ime-a-biztositok-kinalata\/#breadcrumb\"},\"inLanguage\":\"en-US\",\"potentialAction\":[{\"@type\":\"ReadAction\",\"target\":[\"http:\/\/balazsivan.hu\/en\/blog\/elszabadultak-az-arak-a-magyar-egeszsegbiztositasi-piacon-ime-a-biztositok-kinalata\/\"]}]},{\"@type\":\"BreadcrumbList\",\"@id\":\"http:\/\/balazsivan.hu\/en\/blog\/elszabadultak-az-arak-a-magyar-egeszsegbiztositasi-piacon-ime-a-biztositok-kinalata\/#breadcrumb\",\"itemListElement\":[{\"@type\":\"ListItem\",\"position\":1,\"name\":\"Home\",\"item\":\"https:\/\/balazsivan.hu\/en\/\"},{\"@type\":\"ListItem\",\"position\":2,\"name\":\"Elszabadultak az \u00e1rak a magyar eg\u00e9szs\u00e9gbiztos\u00edt\u00e1si piacon, \u00edme a biztos\u00edt\u00f3k k\u00edn\u00e1lata\"}]},{\"@type\":\"WebSite\",\"@id\":\"https:\/\/balazsivan.hu\/en\/#website\",\"url\":\"https:\/\/balazsivan.hu\/en\/\",\"name\":\"Bal\u00e1zs Iv\u00e1n - V\u00e1llalati eg\u00e9szs\u00e9gbiztos\u00edt\u00e1si szak\u00e9rt\u0151\",\"description\":\"V\u00e1llalati eg\u00e9szs\u00e9gbiztos\u00edt\u00e1si szak\u00e9rt\u0151\",\"potentialAction\":[{\"@type\":\"SearchAction\",\"target\":{\"@type\":\"EntryPoint\",\"urlTemplate\":\"https:\/\/balazsivan.hu\/en\/?s={search_term_string}\"},\"query-input\":\"required name=search_term_string\"}],\"inLanguage\":\"en-US\"},{\"@type\":\"Person\",\"@id\":\"https:\/\/balazsivan.hu\/en\/#\/schema\/person\/b641fa7aa2265e64c173d7f170e3aa80\",\"name\":\"RBLMarketing\",\"image\":{\"@type\":\"ImageObject\",\"inLanguage\":\"en-US\",\"@id\":\"https:\/\/balazsivan.hu\/en\/#\/schema\/person\/image\/\",\"url\":\"https:\/\/secure.gravatar.com\/avatar\/0252da4e558c110507f80812325fc8ef?s=96&d=mm&r=g\",\"contentUrl\":\"https:\/\/secure.gravatar.com\/avatar\/0252da4e558c110507f80812325fc8ef?s=96&d=mm&r=g\",\"caption\":\"RBLMarketing\"},\"url\":\"https:\/\/balazsivan.hu\/en\/author\/rblmarketing\/\"}]}<\/script>\n<!-- \/ Yoast SEO plugin. -->","yoast_head_json":{"title":"Elszabadultak az \u00e1rak a magyar eg\u00e9szs\u00e9gbiztos\u00edt\u00e1si piacon, \u00edme a biztos\u00edt\u00f3k k\u00edn\u00e1lata - Bal\u00e1zs Iv\u00e1n - V\u00e1llalati eg\u00e9szs\u00e9gbiztos\u00edt\u00e1si szak\u00e9rt\u0151","robots":{"index":"index","follow":"follow","max-snippet":"max-snippet:-1","max-image-preview":"max-image-preview:large","max-video-preview":"max-video-preview:-1"},"canonical":"http:\/\/balazsivan.hu\/en\/blog\/elszabadultak-az-arak-a-magyar-egeszsegbiztositasi-piacon-ime-a-biztositok-kinalata\/","og_locale":"en_US","og_type":"article","og_title":"Elszabadultak az \u00e1rak a magyar eg\u00e9szs\u00e9gbiztos\u00edt\u00e1si piacon, \u00edme a biztos\u00edt\u00f3k k\u00edn\u00e1lata - Bal\u00e1zs Iv\u00e1n - V\u00e1llalati eg\u00e9szs\u00e9gbiztos\u00edt\u00e1si szak\u00e9rt\u0151","og_description":"Sokan \u00fagy v\u00e9lik, a Covid r\u00e1k\u00e9nyszer\u00edtette a c\u00e9gvezet\u0151ket arra, hogy foglalkozzanak a munkav\u00e1llal\u00f3k eg\u00e9szs\u00e9g\u00e9vel. Szomor\u00fa ez az aprop\u00f3, de \u00e9ppen itt volt az ideje, hogy a d\u00f6nt\u00e9shoz\u00f3k felismerj\u00e9k: eg\u00e9szs\u00e9ges munkav\u00e1llal\u00f3 n\u00e9lk\u00fcl nincs eg\u00e9szs\u00e9ges v\u00e1llalat. L\u00e1ssuk, milyen eg\u00e9szs\u00e9gbiztos\u00edt\u00e1sokat k\u00edn\u00e1lnak most nekik a magyar biztos\u00edt\u00f3k! Sz\u00e1mtalan kutat\u00e1st olvastam, rengeteg konferenci\u00e1n j\u00e1rtam \u00e9s t\u00f6bb sz\u00e1z HR-essel besz\u00e9ltem az [&hellip;]","og_url":"http:\/\/balazsivan.hu\/en\/blog\/elszabadultak-az-arak-a-magyar-egeszsegbiztositasi-piacon-ime-a-biztositok-kinalata\/","og_site_name":"Bal\u00e1zs Iv\u00e1n - V\u00e1llalati eg\u00e9szs\u00e9gbiztos\u00edt\u00e1si szak\u00e9rt\u0151","article_publisher":"https:\/\/www.facebook.com\/balazsivan0","article_published_time":"2021-11-06T12:46:10+00:00","article_modified_time":"2023-02-13T17:16:25+00:00","og_image":[{"width":1030,"height":687,"url":"https:\/\/balazsivan.hu\/wp-content\/uploads\/2021\/11\/pexels-gustavo-fring-4173239-1030x687.jpg","type":"image\/jpeg"}],"author":"RBLMarketing","twitter_card":"summary_large_image","twitter_misc":{"Written by":"RBLMarketing","Est. reading time":"4 minutes"},"schema":{"@context":"https:\/\/schema.org","@graph":[{"@type":"WebPage","@id":"http:\/\/balazsivan.hu\/en\/blog\/elszabadultak-az-arak-a-magyar-egeszsegbiztositasi-piacon-ime-a-biztositok-kinalata\/","url":"http:\/\/balazsivan.hu\/en\/blog\/elszabadultak-az-arak-a-magyar-egeszsegbiztositasi-piacon-ime-a-biztositok-kinalata\/","name":"Elszabadultak az \u00e1rak a magyar eg\u00e9szs\u00e9gbiztos\u00edt\u00e1si piacon, \u00edme a biztos\u00edt\u00f3k k\u00edn\u00e1lata - Bal\u00e1zs Iv\u00e1n - V\u00e1llalati eg\u00e9szs\u00e9gbiztos\u00edt\u00e1si szak\u00e9rt\u0151","isPartOf":{"@id":"https:\/\/balazsivan.hu\/en\/#website"},"datePublished":"2021-11-06T12:46:10+00:00","dateModified":"2023-02-13T17:16:25+00:00","author":{"@id":"https:\/\/balazsivan.hu\/en\/#\/schema\/person\/b641fa7aa2265e64c173d7f170e3aa80"},"breadcrumb":{"@id":"http:\/\/balazsivan.hu\/en\/blog\/elszabadultak-az-arak-a-magyar-egeszsegbiztositasi-piacon-ime-a-biztositok-kinalata\/#breadcrumb"},"inLanguage":"en-US","potentialAction":[{"@type":"ReadAction","target":["http:\/\/balazsivan.hu\/en\/blog\/elszabadultak-az-arak-a-magyar-egeszsegbiztositasi-piacon-ime-a-biztositok-kinalata\/"]}]},{"@type":"BreadcrumbList","@id":"http:\/\/balazsivan.hu\/en\/blog\/elszabadultak-az-arak-a-magyar-egeszsegbiztositasi-piacon-ime-a-biztositok-kinalata\/#breadcrumb","itemListElement":[{"@type":"ListItem","position":1,"name":"Home","item":"https:\/\/balazsivan.hu\/en\/"},{"@type":"ListItem","position":2,"name":"Elszabadultak az \u00e1rak a magyar eg\u00e9szs\u00e9gbiztos\u00edt\u00e1si piacon, \u00edme a biztos\u00edt\u00f3k k\u00edn\u00e1lata"}]},{"@type":"WebSite","@id":"https:\/\/balazsivan.hu\/en\/#website","url":"https:\/\/balazsivan.hu\/en\/","name":"Bal\u00e1zs Iv\u00e1n - V\u00e1llalati eg\u00e9szs\u00e9gbiztos\u00edt\u00e1si szak\u00e9rt\u0151","description":"V\u00e1llalati eg\u00e9szs\u00e9gbiztos\u00edt\u00e1si szak\u00e9rt\u0151","potentialAction":[{"@type":"SearchAction","target":{"@type":"EntryPoint","urlTemplate":"https:\/\/balazsivan.hu\/en\/?s={search_term_string}"},"query-input":"required name=search_term_string"}],"inLanguage":"en-US"},{"@type":"Person","@id":"https:\/\/balazsivan.hu\/en\/#\/schema\/person\/b641fa7aa2265e64c173d7f170e3aa80","name":"RBLMarketing","image":{"@type":"ImageObject","inLanguage":"en-US","@id":"https:\/\/balazsivan.hu\/en\/#\/schema\/person\/image\/","url":"https:\/\/secure.gravatar.com\/avatar\/0252da4e558c110507f80812325fc8ef?s=96&d=mm&r=g","contentUrl":"https:\/\/secure.gravatar.com\/avatar\/0252da4e558c110507f80812325fc8ef?s=96&d=mm&r=g","caption":"RBLMarketing"},"url":"https:\/\/balazsivan.hu\/en\/author\/rblmarketing\/"}]}},"_links":{"self":[{"href":"https:\/\/balazsivan.hu\/en\/wp-json\/wp\/v2\/posts\/1522"}],"collection":[{"href":"https:\/\/balazsivan.hu\/en\/wp-json\/wp\/v2\/posts"}],"about":[{"href":"https:\/\/balazsivan.hu\/en\/wp-json\/wp\/v2\/types\/post"}],"author":[{"embeddable":true,"href":"https:\/\/balazsivan.hu\/en\/wp-json\/wp\/v2\/users\/5"}],"replies":[{"embeddable":true,"href":"https:\/\/balazsivan.hu\/en\/wp-json\/wp\/v2\/comments?post=1522"}],"version-history":[{"count":2,"href":"https:\/\/balazsivan.hu\/en\/wp-json\/wp\/v2\/posts\/1522\/revisions"}],"predecessor-version":[{"id":1524,"href":"https:\/\/balazsivan.hu\/en\/wp-json\/wp\/v2\/posts\/1522\/revisions\/1524"}],"wp:featuredmedia":[{"embeddable":true,"href":"https:\/\/balazsivan.hu\/en\/wp-json\/wp\/v2\/media\/1490"}],"wp:attachment":[{"href":"https:\/\/balazsivan.hu\/en\/wp-json\/wp\/v2\/media?parent=1522"}],"wp:term":[{"taxonomy":"category","embeddable":true,"href":"https:\/\/balazsivan.hu\/en\/wp-json\/wp\/v2\/categories?post=1522"},{"taxonomy":"post_tag","embeddable":true,"href":"https:\/\/balazsivan.hu\/en\/wp-json\/wp\/v2\/tags?post=1522"}],"curies":[{"name":"wp","href":"https:\/\/api.w.org\/{rel}","templated":true}]}}