{"id":1513,"date":"2022-04-12T11:50:37","date_gmt":"2022-04-12T11:50:37","guid":{"rendered":"https:\/\/balazsivan.hu\/mi-az-ami-meg-a-penznel-is-fontosabb-a-munkavallaloknak\/"},"modified":"2023-02-13T17:16:14","modified_gmt":"2023-02-13T17:16:14","slug":"mi-az-ami-meg-a-penznel-is-fontosabb-a-munkavallaloknak","status":"publish","type":"post","link":"http:\/\/balazsivan.hu\/en\/blog\/mi-az-ami-meg-a-penznel-is-fontosabb-a-munkavallaloknak\/","title":{"rendered":"Mi az, ami m\u00e9g a p\u00e9nzn\u00e9l is fontosabb a munkav\u00e1llal\u00f3knak?"},"content":{"rendered":"<p><span style=\"font-weight: 400;\">Van ilyen? &#8211; k\u00e9rdezhetik most sokan. \u00c9s igen, l\u00e1m ennyit v\u00e1ltozott a vil\u00e1g az ut\u00f3bbi \u00e9vekben. 2022-ben kimondhatjuk, hogy ma m\u00e1r az \u00e9rt\u00e9kes dolgoz\u00f3k t\u00f6bbs\u00e9ge egyet\u00e9rt azzal az \u00e1ll\u00edt\u00e1ssal, hogy a p\u00e9nz nem minden! <\/span><\/p>\n<p><span style=\"font-weight: 400;\">Az eg\u00e9szs\u00e9g meg\u0151rz\u00e9se egy bizonyos j\u00f6vedelmi szint felett fontosabb lett, mint a p\u00e9nz, amit keres\u00fcnk. S\u0151t, a c\u00e9gek sz\u00e1m\u00e1ra is rendk\u00edv\u00fcli m\u00f3don fel\u00e9rt\u00e9kel\u0151d\u00f6tt a munkav\u00e1llal\u00f3k eg\u00e9szs\u00e9ge, a kulcspoz\u00edci\u00f3ban l\u00e9v\u0151 munkat\u00e1rsak megtart\u00e1sa. <\/span><\/p>\n<p><span style=\"font-weight: 400;\">A PP Konferencia sorozat legut\u00f3bbi nagysiker\u0171 rendezv\u00e9ny\u00e9n a legfrissebb \u00e9s legforr\u00f3bb, 2022-es munkaer\u0151piaci trendek bemutat\u00e1sa volt a f\u0151 t\u00e9ma. A szok\u00e1s szerint nagyon n\u00e9pszer\u0171 konferenci\u00e1n megh\u00edvott el\u0151ad\u00f3k\u00e9nt magam is r\u00e9szt vettem, \u00e9s a mindennapi gyakorlatban is j\u00f3l alkalmazhat\u00f3 tippekkel is al\u00e1t\u00e1masztva igyekeztem \u00f6sszefoglalni, hogy <\/span><a href=\"https:\/\/www.youtube.com\/watch?v=uwoh0icPXMQ\"><b>mik\u00e9nt v\u00e1lt a c\u00e9ges eg\u00e9szs\u00e9g\u00fcgyi program napjaink egyik legfontosabb munkaer\u0151-megtart\u00f3 t\u00e9nyez\u0151j\u00e9v\u00e9.<\/b><\/a><\/p>\n<p><span style=\"font-weight: 400;\">Az el\u0151ad\u00e1s teljes vide\u00f3felv\u00e9tele a blog olvas\u00f3i sz\u00e1m\u00e1ra most ingyenesen is visszan\u00e9zhet\u0151 itt:<\/span><\/p>\n<p><iframe loading=\"lazy\" title=\"YouTube video player\" src=\"https:\/\/www.youtube.com\/embed\/uwoh0icPXMQ\" width=\"560\" height=\"315\" frameborder=\"0\" allowfullscreen=\"allowfullscreen\"><\/iframe><\/p>\n<p><span style=\"font-weight: 400;\">A \u201cMunkaer\u0151-piaci trendek 2022.\u201d c\u00edm\u0171 rendezv\u00e9nyen t\u00f6bb mint 100 HR-menedzser \u00e9s c\u00e9gvezet\u0151 volt k\u00edv\u00e1ncsi arra, hogy hova is t\u0171ntek a munkav\u00e1llal\u00f3k a korona v\u00edrus j\u00e1rv\u00e1ny ut\u00e1ni id\u0151szakban, valamint hogy milyen eszk\u00f6z\u00f6kkel lehet a munkat\u00e1rsakat a leghat\u00e9konyabb m\u00f3don megtartani illetve \u00faj koll\u00e9g\u00e1kat toborozni.<\/span><\/p>\n<p>&nbsp;<\/p>\n<p><b>Eg\u00e9szs\u00e9g\u00fcgyi juttat\u00e1sok: a munkahelyi alm\u00e1t\u00f3l a milli\u00f3s sz\u0171r\u0151csomagokig<\/b><\/p>\n<p><span style=\"font-weight: 400;\">Az el\u0151ad\u00e1somat a Randstad \u00faj piackutat\u00e1s\u00e1nak legfontosabb eredm\u00e9nyeinek ismertet\u00e9s\u00e9vel kezdtem. Ebb\u0151l kider\u00fcl, hogy 2022-ben a munkav\u00e1llal\u00f3k sz\u00e1m\u00e1ra <\/span><b>a fizet\u00e9s mellett a juttat\u00e1si csomag v\u00e1lt a legfontosabb d\u00f6nt\u00e9si szempontt\u00e1.<\/b><span style=\"font-weight: 400;\"> Ebben a v\u00e1llalati juttat\u00e1si csomagban pedig az eg\u00e9szs\u00e9g kiemelt szerepet kap. M\u00e1r csak az\u00e9rt is, mert a KSH adatai szerint 2021-ben a magyarorsz\u00e1gi dolgoz\u00f3k \u00f6sszesen t\u00f6bb mint 26 milli\u00f3 napot t\u00f6lt\u00f6ttek t\u00e1pp\u00e9nzen. Ez egy b\u0151d\u00fcletesen magas sz\u00e1m, ami nem j\u00f3 sem a munkav\u00e1llal\u00f3knak, sem a c\u00e9geknek, sem az \u00e1llamnak.<\/span><\/p>\n<p><span style=\"font-weight: 400;\">K\u00e9sz\u00edtettem egy hi\u00e1nyp\u00f3tl\u00f3, r\u00e9szletes <\/span><b>\u00e1ttekint\u00e9st is arr\u00f3l, hogy manaps\u00e1g a k\u00fcl\u00f6nf\u00e9le v\u00e1llalkoz\u00e1sokn\u00e1l milyen t\u00edpus\u00fa eg\u00e9szs\u00e9g\u00fcgyi juttat\u00e1sokat tal\u00e1lhatunk. <\/b><span style=\"font-weight: 400;\">A spektrum itt a c\u00e9ges t\u00edz\u00f3rai alm\u00e1t\u00f3l a szervezett sportprogramokon \u00e1t a j\u00f3l sk\u00e1l\u00e1zhat\u00f3 eg\u00e9szs\u00e9gbiztos\u00edt\u00e1sokig terjed, amelyek seg\u00edtik egy v\u00e1llalat vezet\u0151j\u00e9t abban, hogy a c\u00e9g a dolgoz\u00f3i sz\u00e1m\u00e1ra a legoptim\u00e1lisabb \u00e9s leghasznosabb saj\u00e1t eg\u00e9szs\u00e9gprogramot tudja kialak\u00edtani \u00e9s juttat\u00e1sk\u00e9nt felk\u00edn\u00e1lni. <\/span><\/p>\n<p><span style=\"font-weight: 400;\">Ha k\u00edv\u00e1ncsi erre a r\u00e9szletes, eg\u00e9szs\u00e9g\u00fcgyi \u00f6sszehasonl\u00edt\u00f3 t\u00e1bl\u00e1zatra, akkor le tudja t\u00f6lteni!<\/span><\/p>\n<div  class='av_promobox av-kgj6hdcm-8f836c9e8fba3eba9bf4a830f826b6c4 avia-button-yes  avia-builder-el-0  el_before_av_promobox  avia-builder-el-first '><div class='avia-promocontent'><\/p>\n<h3>Elk\u00e9sz\u00edtettem egy t\u00e1bl\u00e1zatot, amiben 18 f\u00e9le eg\u00e9szs\u00e9g\u00fcgyi juttat\u00e1st hasonl\u00edtottam \u00f6ssze, eg\u00e9szs\u00e9gre gyakorolt hat\u00e1suk, \u00e1ruk, ad\u00f3z\u00e1suk alapj\u00e1n.<\/h3>\n<p>\n<\/div><div  class='avia-button-wrap av-kgj6hdcm-201befc0ae1b8d3440af9661e683e586-wrap avia-button-right ' ><a href='https:\/\/balazsivan.hu\/egeszsegugyi-juttatasok\/' class='avia-button av-kgj6hdcm-201befc0ae1b8d3440af9661e683e586 avia-icon_select-no avia-size-large avia-position-right avia-color-theme-color' target=\"_blank\" rel=\"noopener noreferrer\"><span class='avia_iconbox_title' >Megn\u00e9zem!<\/span><\/a><\/div><\/div>\n<p><b>Milyen szempontok szerint \u00e9rdemes eg\u00e9szs\u00e9gbiztos\u00edt\u00e1st v\u00e1lasztani?<\/b><\/p>\n<p><span style=\"font-weight: 400;\">Az el\u0151ad\u00e1somban term\u00e9szetesen besz\u00e9ltem arr\u00f3l is, hogy milyen szempontok szerint \u00e9rdemes egy c\u00e9gnek eg\u00e9szs\u00e9gbiztos\u00edt\u00e1st v\u00e1lasztani &#8211; hiszen ez a tan\u00e1csad\u00e1si szolg\u00e1ltat\u00e1s az \u00e9n els\u0151 sz\u00e1m\u00fa szakter\u00fcletem. <\/span><\/p>\n<p><span style=\"font-weight: 400;\">Kit\u00fcntetett figyelem \u00f6vezte az el\u0151ad\u00e1snak azon r\u00e9sz\u00e9t is, amikor <\/span><b>a 2022-ben \u00e9rv\u00e9nyes eg\u00e9szs\u00e9gbiztos\u00edt\u00e1si \u00e1rakr\u00f3l besz\u00e9ltem &#8211; egy \u00f6sszehasonl\u00edt\u00f3 t\u00e1bl\u00e1zat bemutat\u00e1s\u00e1val<\/b><span style=\"font-weight: 400;\">. Sokan nem hitt\u00e9k el, hogy m\u00e1r havi 1000 Ft\/f\u0151 d\u00edj\u00e9rt is vannak el\u00e9rhet\u0151, haszn\u00e1lhat\u00f3 szolg\u00e1ltat\u00e1sok.<\/span><\/p>\n<p><span style=\"font-weight: 400;\">Amit szint\u00e9n sokan nem tudnak ma m\u00e9g, hogy a piacon l\u00e9v\u0151 biztos\u00edt\u00e1si konstrukci\u00f3kkal gyakorlatilag a hazai eg\u00e9szs\u00e9g\u00fcgyi szolg\u00e1ltat\u00e1sok 90%-\u00e1t ig\u00e9nybe lehet venni. Mag\u00e1neg\u00e9szs\u00e9g\u00fcgyben, magasabb sz\u00ednvonalon, v\u00e1rakoz\u00e1si id\u0151 n\u00e9lk\u00fcl. R\u00e1ad\u00e1sul havi n\u00e9h\u00e1ny ezer forintos k\u00f6lts\u00e9g\u00e9rt. Egy ilyen jelleg\u0171 juttat\u00e1s\u00e9rt a dolgoz\u00f3k rendk\u00edv\u00fcl h\u00e1l\u00e1sak tudnak lenni &#8211; hiszen mindenki tudja, hogy milyen szinten van lepusztulva az \u00e1ltal\u00e1nos \u00e1llami eg\u00e9szs\u00e9g\u00fcgy. <\/span><\/p>\n<p><span style=\"font-weight: 400;\">A blog olvas\u00f3i sz\u00e1m\u00e1ra most let\u00f6lthet\u0151 ez a t\u00e1bl\u00e1zat is, amelyben valamennyi, hazai eg\u00e9szs\u00e9g\u00fcgyi biztos\u00edt\u00f3 szolg\u00e1ltat\u00e1sai szerepelnek &#8211; k\u00f6nnyen \u00e1ttekinthet\u0151, \u00f6sszehasonl\u00edthat\u00f3 form\u00e1ban.<\/span><\/p>\n<p><span style=\"font-weight: 400;\">Szeretn\u00e9 tudni, hogy konkr\u00e9tan milyen t\u00edpus\u00fa szolg\u00e1ltat\u00e1sokat biztos\u00edtanak a k\u00fcl\u00f6nf\u00e9le eg\u00e9szs\u00e9gbiztos\u00edt\u00e1sok, illetve milyen \u00fajdons\u00e1gokkal, milyen extr\u00e1kkal b\u0151v\u00fcltek ezek a term\u00e9kek az ut\u00f3bbi \u00e9vekben?<\/span><\/p>\n<p><span style=\"font-weight: 400;\">A t\u00e1bl\u00e1zat let\u00f6lt\u00e9s\u00e9t d\u00edjmentesen a rendelkez\u00e9sre bocs\u00e1tom. Haszn\u00e1lja eg\u00e9szs\u00e9ggel!<\/span><\/p>\n<p>&nbsp;<\/p>\n<div  class='av_promobox av-kgj6hdcm-1-065ed7e0d26c338614698ec0b4f74abd avia-button-yes  avia-builder-el-1  el_after_av_promobox  avia-builder-el-last '><div class='avia-promocontent'><\/p>\n<h3><span style=\"font-weight: 400;\">Biztos, hogy a legjobb szolg\u00e1ltat\u00e1st v\u00e1lasztotta? N\u00e9zze meg \u00f6sszehasonl\u00edt\u00f3 <\/span><span style=\"font-weight: 400;\">t\u00e1bl\u00e1zatunkat!<\/span><\/h3>\n<p>\n<\/div><div  class='avia-button-wrap av-kgj6hdcm-1-663c8bdb16a2ebc2d2fb379ff238ad8c-wrap avia-button-right ' ><a href='https:\/\/balazsivan.hu\/egeszsegbiztositas-osszehasonlito\/?utm_source=blog&amp;utm_medium=textlink&amp;utm_term=oriasi-aremelkedes&amp;utm_content=oriasi-aremelkedes&amp;utm_campaign=blog-oriasi-aremelkedes' class='avia-button av-kgj6hdcm-1-663c8bdb16a2ebc2d2fb379ff238ad8c avia-icon_select-no avia-size-large avia-position-right avia-color-theme-color' target=\"_blank\" rel=\"noopener noreferrer\"><span class='avia_iconbox_title' >Megn\u00e9zem!<\/span><\/a><\/div><\/div>\n<p>&nbsp;<\/p>\n<p><span style=\"font-weight: 400;\">Ma m\u00e1r egyre t\u00f6bb biztos\u00edt\u00f3n\u00e1l lehets\u00e9ges a s\u00fcrg\u0151ss\u00e9gi mag\u00e1n ell\u00e1t\u00e1s ig\u00e9nybev\u00e9tele kisebb balesetek eset\u00e9n vagy a teljes csal\u00e1d bevon\u00e1sa &#8211; a gyerekeket is bele\u00e9rtve -, az online id\u0151pontfoglal\u00e1s \u00e9s a saj\u00e1t fekv\u0151beteg k\u00f3rh\u00e1z lehet\u0151s\u00e9ge is. Leg\u00fajabb innov\u00e1ci\u00f3k\u00e9nt pedig m\u00e1r orvosi t\u00e1vkonzult\u00e1ci\u00f3t (k\u00f6zismert nev\u00e9n vide\u00f3 doktort) \u00e9s non-stop, 0-24 \u00fczemben el\u00e9rhet\u0151 ment\u00e1lis t\u00e1mogat\u00e1st is v\u00e1laszthatunk munkav\u00e1llal\u00f3ink sz\u00e1m\u00e1ra az eg\u00e9szs\u00e9gbiztos\u00edt\u00e1si csomagjukba.<\/span><\/p>\n<p><span style=\"font-weight: 400;\">Szeretn\u00e9 tudni, hogy jelen pillanatban Magyarorsz\u00e1gon milyen eg\u00e9szs\u00e9gbiztos\u00edt\u00e1si lehet\u0151s\u00e9gek vannak? Szeretn\u00e9 tudni, hogy ezek k\u00f6z\u00fcl melyik a legkedvez\u0151bb az \u00d6n\u00f6k c\u00e9ge sz\u00e1m\u00e1ra? <\/span><\/p>\n<p><b>K<\/b><b>\u00e9rjen d\u00edjmentes szem\u00e9lyes konzult\u00e1ci\u00f3t <a href=\"https:\/\/balazsivan.hu\/kapcsolat\/#kapcsolat\">ide kattintva<\/a>.<\/b><\/p>\n<p>&nbsp;<\/p>\n","protected":false},"excerpt":{"rendered":"<p>Van ilyen? &#8211; k\u00e9rdezhetik most sokan. \u00c9s igen, l\u00e1m ennyit v\u00e1ltozott a vil\u00e1g az ut\u00f3bbi \u00e9vekben. 2022-ben kimondhatjuk, hogy ma m\u00e1r az \u00e9rt\u00e9kes dolgoz\u00f3k t\u00f6bbs\u00e9ge egyet\u00e9rt azzal az \u00e1ll\u00edt\u00e1ssal, hogy a p\u00e9nz nem minden! Az eg\u00e9szs\u00e9g meg\u0151rz\u00e9se egy bizonyos j\u00f6vedelmi szint felett fontosabb lett, mint a p\u00e9nz, amit keres\u00fcnk. S\u0151t, a c\u00e9gek sz\u00e1m\u00e1ra is rendk\u00edv\u00fcli [&hellip;]<\/p>\n","protected":false},"author":7,"featured_media":1495,"comment_status":"closed","ping_status":"closed","sticky":false,"template":"","format":"standard","meta":[],"categories":[29],"tags":[],"yoast_head":"<!-- This site is optimized with the Yoast SEO plugin v20.6 - https:\/\/yoast.com\/wordpress\/plugins\/seo\/ -->\n<title>Mi az, ami m\u00e9g a p\u00e9nzn\u00e9l is fontosabb a munkav\u00e1llal\u00f3knak? - Bal\u00e1zs Iv\u00e1n - V\u00e1llalati eg\u00e9szs\u00e9gbiztos\u00edt\u00e1si szak\u00e9rt\u0151<\/title>\n<meta name=\"robots\" content=\"index, follow, max-snippet:-1, max-image-preview:large, max-video-preview:-1\" \/>\n<link rel=\"canonical\" href=\"http:\/\/balazsivan.hu\/en\/blog\/mi-az-ami-meg-a-penznel-is-fontosabb-a-munkavallaloknak\/\" \/>\n<meta property=\"og:locale\" content=\"en_US\" \/>\n<meta property=\"og:type\" content=\"article\" \/>\n<meta property=\"og:title\" content=\"Mi az, ami m\u00e9g a p\u00e9nzn\u00e9l is fontosabb a munkav\u00e1llal\u00f3knak? - Bal\u00e1zs Iv\u00e1n - V\u00e1llalati eg\u00e9szs\u00e9gbiztos\u00edt\u00e1si szak\u00e9rt\u0151\" \/>\n<meta property=\"og:description\" content=\"Van ilyen? &#8211; k\u00e9rdezhetik most sokan. \u00c9s igen, l\u00e1m ennyit v\u00e1ltozott a vil\u00e1g az ut\u00f3bbi \u00e9vekben. 2022-ben kimondhatjuk, hogy ma m\u00e1r az \u00e9rt\u00e9kes dolgoz\u00f3k t\u00f6bbs\u00e9ge egyet\u00e9rt azzal az \u00e1ll\u00edt\u00e1ssal, hogy a p\u00e9nz nem minden! Az eg\u00e9szs\u00e9g meg\u0151rz\u00e9se egy bizonyos j\u00f6vedelmi szint felett fontosabb lett, mint a p\u00e9nz, amit keres\u00fcnk. S\u0151t, a c\u00e9gek sz\u00e1m\u00e1ra is rendk\u00edv\u00fcli [&hellip;]\" \/>\n<meta property=\"og:url\" content=\"http:\/\/balazsivan.hu\/en\/blog\/mi-az-ami-meg-a-penznel-is-fontosabb-a-munkavallaloknak\/\" \/>\n<meta property=\"og:site_name\" content=\"Bal\u00e1zs Iv\u00e1n - V\u00e1llalati eg\u00e9szs\u00e9gbiztos\u00edt\u00e1si szak\u00e9rt\u0151\" \/>\n<meta property=\"article:publisher\" content=\"https:\/\/www.facebook.com\/balazsivan0\" \/>\n<meta property=\"article:published_time\" content=\"2022-04-12T11:50:37+00:00\" \/>\n<meta property=\"article:modified_time\" content=\"2023-02-13T17:16:14+00:00\" \/>\n<meta property=\"og:image\" content=\"https:\/\/balazsivan.hu\/wp-content\/uploads\/2022\/04\/office-gc7fc1f11b_1280.jpg\" \/>\n\t<meta property=\"og:image:width\" content=\"1280\" \/>\n\t<meta property=\"og:image:height\" content=\"853\" \/>\n\t<meta property=\"og:image:type\" content=\"image\/jpeg\" \/>\n<meta name=\"author\" content=\"BLea\" \/>\n<meta name=\"twitter:card\" content=\"summary_large_image\" \/>\n<meta name=\"twitter:label1\" content=\"Written by\" \/>\n\t<meta name=\"twitter:data1\" content=\"BLea\" \/>\n\t<meta name=\"twitter:label2\" content=\"Est. reading time\" \/>\n\t<meta name=\"twitter:data2\" content=\"4 minutes\" \/>\n<script type=\"application\/ld+json\" class=\"yoast-schema-graph\">{\"@context\":\"https:\/\/schema.org\",\"@graph\":[{\"@type\":\"WebPage\",\"@id\":\"http:\/\/balazsivan.hu\/en\/blog\/mi-az-ami-meg-a-penznel-is-fontosabb-a-munkavallaloknak\/\",\"url\":\"http:\/\/balazsivan.hu\/en\/blog\/mi-az-ami-meg-a-penznel-is-fontosabb-a-munkavallaloknak\/\",\"name\":\"Mi az, ami m\u00e9g a p\u00e9nzn\u00e9l is fontosabb a munkav\u00e1llal\u00f3knak? - Bal\u00e1zs Iv\u00e1n - V\u00e1llalati eg\u00e9szs\u00e9gbiztos\u00edt\u00e1si szak\u00e9rt\u0151\",\"isPartOf\":{\"@id\":\"https:\/\/balazsivan.hu\/en\/#website\"},\"datePublished\":\"2022-04-12T11:50:37+00:00\",\"dateModified\":\"2023-02-13T17:16:14+00:00\",\"author\":{\"@id\":\"https:\/\/balazsivan.hu\/en\/#\/schema\/person\/651c05d12eed6ee22b207e4798c3d970\"},\"breadcrumb\":{\"@id\":\"http:\/\/balazsivan.hu\/en\/blog\/mi-az-ami-meg-a-penznel-is-fontosabb-a-munkavallaloknak\/#breadcrumb\"},\"inLanguage\":\"en-US\",\"potentialAction\":[{\"@type\":\"ReadAction\",\"target\":[\"http:\/\/balazsivan.hu\/en\/blog\/mi-az-ami-meg-a-penznel-is-fontosabb-a-munkavallaloknak\/\"]}]},{\"@type\":\"BreadcrumbList\",\"@id\":\"http:\/\/balazsivan.hu\/en\/blog\/mi-az-ami-meg-a-penznel-is-fontosabb-a-munkavallaloknak\/#breadcrumb\",\"itemListElement\":[{\"@type\":\"ListItem\",\"position\":1,\"name\":\"Home\",\"item\":\"https:\/\/balazsivan.hu\/en\/\"},{\"@type\":\"ListItem\",\"position\":2,\"name\":\"Mi az, ami m\u00e9g a p\u00e9nzn\u00e9l is fontosabb a munkav\u00e1llal\u00f3knak?\"}]},{\"@type\":\"WebSite\",\"@id\":\"https:\/\/balazsivan.hu\/en\/#website\",\"url\":\"https:\/\/balazsivan.hu\/en\/\",\"name\":\"Bal\u00e1zs Iv\u00e1n - V\u00e1llalati eg\u00e9szs\u00e9gbiztos\u00edt\u00e1si szak\u00e9rt\u0151\",\"description\":\"V\u00e1llalati eg\u00e9szs\u00e9gbiztos\u00edt\u00e1si szak\u00e9rt\u0151\",\"potentialAction\":[{\"@type\":\"SearchAction\",\"target\":{\"@type\":\"EntryPoint\",\"urlTemplate\":\"https:\/\/balazsivan.hu\/en\/?s={search_term_string}\"},\"query-input\":\"required name=search_term_string\"}],\"inLanguage\":\"en-US\"},{\"@type\":\"Person\",\"@id\":\"https:\/\/balazsivan.hu\/en\/#\/schema\/person\/651c05d12eed6ee22b207e4798c3d970\",\"name\":\"BLea\",\"image\":{\"@type\":\"ImageObject\",\"inLanguage\":\"en-US\",\"@id\":\"https:\/\/balazsivan.hu\/en\/#\/schema\/person\/image\/\",\"url\":\"https:\/\/secure.gravatar.com\/avatar\/5f6cfbb3811035c6339a82db9c0dbeb4?s=96&d=mm&r=g\",\"contentUrl\":\"https:\/\/secure.gravatar.com\/avatar\/5f6cfbb3811035c6339a82db9c0dbeb4?s=96&d=mm&r=g\",\"caption\":\"BLea\"},\"url\":\"https:\/\/balazsivan.hu\/en\/author\/blea\/\"}]}<\/script>\n<!-- \/ Yoast SEO plugin. -->","yoast_head_json":{"title":"Mi az, ami m\u00e9g a p\u00e9nzn\u00e9l is fontosabb a munkav\u00e1llal\u00f3knak? - Bal\u00e1zs Iv\u00e1n - V\u00e1llalati eg\u00e9szs\u00e9gbiztos\u00edt\u00e1si szak\u00e9rt\u0151","robots":{"index":"index","follow":"follow","max-snippet":"max-snippet:-1","max-image-preview":"max-image-preview:large","max-video-preview":"max-video-preview:-1"},"canonical":"http:\/\/balazsivan.hu\/en\/blog\/mi-az-ami-meg-a-penznel-is-fontosabb-a-munkavallaloknak\/","og_locale":"en_US","og_type":"article","og_title":"Mi az, ami m\u00e9g a p\u00e9nzn\u00e9l is fontosabb a munkav\u00e1llal\u00f3knak? - Bal\u00e1zs Iv\u00e1n - V\u00e1llalati eg\u00e9szs\u00e9gbiztos\u00edt\u00e1si szak\u00e9rt\u0151","og_description":"Van ilyen? &#8211; k\u00e9rdezhetik most sokan. \u00c9s igen, l\u00e1m ennyit v\u00e1ltozott a vil\u00e1g az ut\u00f3bbi \u00e9vekben. 2022-ben kimondhatjuk, hogy ma m\u00e1r az \u00e9rt\u00e9kes dolgoz\u00f3k t\u00f6bbs\u00e9ge egyet\u00e9rt azzal az \u00e1ll\u00edt\u00e1ssal, hogy a p\u00e9nz nem minden! Az eg\u00e9szs\u00e9g meg\u0151rz\u00e9se egy bizonyos j\u00f6vedelmi szint felett fontosabb lett, mint a p\u00e9nz, amit keres\u00fcnk. S\u0151t, a c\u00e9gek sz\u00e1m\u00e1ra is rendk\u00edv\u00fcli [&hellip;]","og_url":"http:\/\/balazsivan.hu\/en\/blog\/mi-az-ami-meg-a-penznel-is-fontosabb-a-munkavallaloknak\/","og_site_name":"Bal\u00e1zs Iv\u00e1n - V\u00e1llalati eg\u00e9szs\u00e9gbiztos\u00edt\u00e1si szak\u00e9rt\u0151","article_publisher":"https:\/\/www.facebook.com\/balazsivan0","article_published_time":"2022-04-12T11:50:37+00:00","article_modified_time":"2023-02-13T17:16:14+00:00","og_image":[{"width":1280,"height":853,"url":"https:\/\/balazsivan.hu\/wp-content\/uploads\/2022\/04\/office-gc7fc1f11b_1280.jpg","type":"image\/jpeg"}],"author":"BLea","twitter_card":"summary_large_image","twitter_misc":{"Written by":"BLea","Est. reading time":"4 minutes"},"schema":{"@context":"https:\/\/schema.org","@graph":[{"@type":"WebPage","@id":"http:\/\/balazsivan.hu\/en\/blog\/mi-az-ami-meg-a-penznel-is-fontosabb-a-munkavallaloknak\/","url":"http:\/\/balazsivan.hu\/en\/blog\/mi-az-ami-meg-a-penznel-is-fontosabb-a-munkavallaloknak\/","name":"Mi az, ami m\u00e9g a p\u00e9nzn\u00e9l is fontosabb a munkav\u00e1llal\u00f3knak? - Bal\u00e1zs Iv\u00e1n - V\u00e1llalati eg\u00e9szs\u00e9gbiztos\u00edt\u00e1si szak\u00e9rt\u0151","isPartOf":{"@id":"https:\/\/balazsivan.hu\/en\/#website"},"datePublished":"2022-04-12T11:50:37+00:00","dateModified":"2023-02-13T17:16:14+00:00","author":{"@id":"https:\/\/balazsivan.hu\/en\/#\/schema\/person\/651c05d12eed6ee22b207e4798c3d970"},"breadcrumb":{"@id":"http:\/\/balazsivan.hu\/en\/blog\/mi-az-ami-meg-a-penznel-is-fontosabb-a-munkavallaloknak\/#breadcrumb"},"inLanguage":"en-US","potentialAction":[{"@type":"ReadAction","target":["http:\/\/balazsivan.hu\/en\/blog\/mi-az-ami-meg-a-penznel-is-fontosabb-a-munkavallaloknak\/"]}]},{"@type":"BreadcrumbList","@id":"http:\/\/balazsivan.hu\/en\/blog\/mi-az-ami-meg-a-penznel-is-fontosabb-a-munkavallaloknak\/#breadcrumb","itemListElement":[{"@type":"ListItem","position":1,"name":"Home","item":"https:\/\/balazsivan.hu\/en\/"},{"@type":"ListItem","position":2,"name":"Mi az, ami m\u00e9g a p\u00e9nzn\u00e9l is fontosabb a munkav\u00e1llal\u00f3knak?"}]},{"@type":"WebSite","@id":"https:\/\/balazsivan.hu\/en\/#website","url":"https:\/\/balazsivan.hu\/en\/","name":"Bal\u00e1zs Iv\u00e1n - V\u00e1llalati eg\u00e9szs\u00e9gbiztos\u00edt\u00e1si szak\u00e9rt\u0151","description":"V\u00e1llalati eg\u00e9szs\u00e9gbiztos\u00edt\u00e1si szak\u00e9rt\u0151","potentialAction":[{"@type":"SearchAction","target":{"@type":"EntryPoint","urlTemplate":"https:\/\/balazsivan.hu\/en\/?s={search_term_string}"},"query-input":"required name=search_term_string"}],"inLanguage":"en-US"},{"@type":"Person","@id":"https:\/\/balazsivan.hu\/en\/#\/schema\/person\/651c05d12eed6ee22b207e4798c3d970","name":"BLea","image":{"@type":"ImageObject","inLanguage":"en-US","@id":"https:\/\/balazsivan.hu\/en\/#\/schema\/person\/image\/","url":"https:\/\/secure.gravatar.com\/avatar\/5f6cfbb3811035c6339a82db9c0dbeb4?s=96&d=mm&r=g","contentUrl":"https:\/\/secure.gravatar.com\/avatar\/5f6cfbb3811035c6339a82db9c0dbeb4?s=96&d=mm&r=g","caption":"BLea"},"url":"https:\/\/balazsivan.hu\/en\/author\/blea\/"}]}},"_links":{"self":[{"href":"https:\/\/balazsivan.hu\/en\/wp-json\/wp\/v2\/posts\/1513"}],"collection":[{"href":"https:\/\/balazsivan.hu\/en\/wp-json\/wp\/v2\/posts"}],"about":[{"href":"https:\/\/balazsivan.hu\/en\/wp-json\/wp\/v2\/types\/post"}],"author":[{"embeddable":true,"href":"https:\/\/balazsivan.hu\/en\/wp-json\/wp\/v2\/users\/7"}],"replies":[{"embeddable":true,"href":"https:\/\/balazsivan.hu\/en\/wp-json\/wp\/v2\/comments?post=1513"}],"version-history":[{"count":3,"href":"https:\/\/balazsivan.hu\/en\/wp-json\/wp\/v2\/posts\/1513\/revisions"}],"predecessor-version":[{"id":1541,"href":"https:\/\/balazsivan.hu\/en\/wp-json\/wp\/v2\/posts\/1513\/revisions\/1541"}],"wp:featuredmedia":[{"embeddable":true,"href":"https:\/\/balazsivan.hu\/en\/wp-json\/wp\/v2\/media\/1495"}],"wp:attachment":[{"href":"https:\/\/balazsivan.hu\/en\/wp-json\/wp\/v2\/media?parent=1513"}],"wp:term":[{"taxonomy":"category","embeddable":true,"href":"https:\/\/balazsivan.hu\/en\/wp-json\/wp\/v2\/categories?post=1513"},{"taxonomy":"post_tag","embeddable":true,"href":"https:\/\/balazsivan.hu\/en\/wp-json\/wp\/v2\/tags?post=1513"}],"curies":[{"name":"wp","href":"https:\/\/api.w.org\/{rel}","templated":true}]}}